{"id":17255,"date":"2020-12-31T22:17:08","date_gmt":"2020-12-31T21:17:08","guid":{"rendered":"https:\/\/aitia.fr\/erd\/?p=17255"},"modified":"2020-12-31T22:17:08","modified_gmt":"2020-12-31T21:17:08","slug":"bilan-2020-pr-raoult-ihu-mediterranee-infection","status":"publish","type":"post","link":"https:\/\/aitia.fr\/erd\/bilan-2020-pr-raoult-ihu-mediterranee-infection\/","title":{"rendered":"Bilan 2020 (Pr. Raoult \u2013 IHU M\u00e9diterran\u00e9e-Infection)"},"content":{"rendered":"<p style=\"text-align: justify;\">[<em>Note de l&#8217;administrateur de ce blog : \u00e0 la fin de cette vid\u00e9o publi\u00e9e le 22 d\u00e9cembre, Didier Raoult rappelle quelque chose de tr\u00e8s important, en citant \u00e0 l&#8217;appui <a href=\"https:\/\/www.conseil-constitutionnel.fr\/decision\/1984\/83165DC.htm\" target=\"_blank\" rel=\"noopener noreferrer\">la d\u00e9cision n\u00b083-165 DC<\/a> \u00e9mise par le Conseil Constitutionnel le 20 janvier 1984. Il rappelle que <strong>&#8220;les chercheurs ont non seulement le droit, mais le devoir d&#8217;exprimer aupr\u00e8s du public le r\u00e9sultat de leurs connaissances et de leurs recherches ; c&#8217;est m\u00eame la raison pour laquelle ils sont pay\u00e9s&#8221;<\/strong>.<\/em><\/p>\n<p style=\"text-align: justify;\"><em>Je suis bien \u00e9videmment en accord total avec lui \u2013 et avec le Conseil Constitutionnel \u2013 sur ce point<\/em><span id='easy-footnote-1-17255' class='easy-footnote-margin-adjust'><\/span><span class='easy-footnote'><a href='https:\/\/aitia.fr\/erd\/bilan-2020-pr-raoult-ihu-mediterranee-infection\/#easy-footnote-bottom-1-17255' title='Et en particulier sur ce que rappelle le Conseil Constitutionnel : &amp;#8220;par leur nature m\u00eame, les fonctions d&amp;#8217;enseignement et de recherche non seulement permettent mais demandent, dans l&amp;#8217;int\u00e9r\u00eat m\u00eame du service, que la libre expression et l&amp;#8217;ind\u00e9pendance des personnels soient garanties par les dispositions qui leur sont applicables&amp;#8221;.'><sup>1<\/sup><\/a><\/span><em>, et je saisis l&#8217;occasion pour rappeler ce qu&#8217;il peut co\u00fbter \u00e0 un ma\u00eetre de conf\u00e9rences anonyme de rester ferme sur ces principes. Lors de la proc\u00e9dure disciplinaire <a href=\"https:\/\/aitia.fr\/erd\/une-perfide-censure\/\" target=\"_blank\" rel=\"noopener noreferrer\">qui m&#8217;a oppos\u00e9 \u00e0 mon universit\u00e9<\/a> et au cours de laquelle le pr\u00e9sident du CRIF est intervenu <a href=\"https:\/\/aitia.fr\/erd\/les-etranges-inventions-de-m-kalifat\/\" target=\"_blank\" rel=\"noopener noreferrer\">de fa\u00e7on particuli\u00e8rement directe<\/a>, j&#8217;ai soulign\u00e9 devant cette commission la n\u00e9cessit\u00e9 de consid\u00e9rer <strong>toutes<\/strong> les implications des lois de la physique pour interpr\u00e9ter les \u00e9v\u00e9nements du 11 septembre 2001 aux USA, et me suis propos\u00e9 d&#8217;en exposer l&#8217;essentiel au pr\u00e9sident de mon universit\u00e9, qui n&#8217;a pas donn\u00e9 suite.<\/em><\/p>\n<p style=\"text-align: justify;\"><em>Lors de la deuxi\u00e8me phase de cette proc\u00e9dure disciplinaire <a href=\"https:\/\/www.enseignementsup-recherche.gouv.fr\/cid53497\/www.enseignementsup-recherche.gouv.fr\/cid53497\/www.enseignementsup-recherche.gouv.fr\/cid53497\/le-conseil-national-de-l-enseignement-superieur-et-de-la-recherche-cneser.html#role-cneser\" target=\"_blank\" rel=\"noopener noreferrer\">devant le CNESER<\/a>, j&#8217;ai r\u00e9it\u00e9r\u00e9 cette remarque au cours de l&#8217;audition du 14 mai 2018, apr\u00e8s avoir <a href=\"https:\/\/aitia.fr\/erd\/wp-content\/uploads\/2020\/12\/lettre-CNESR-2018-05-08-copie.pdf\" target=\"_blank\" rel=\"noopener noreferrer\">communiqu\u00e9 au CNESER<\/a> le 8 mai <a href=\"https:\/\/hal.archives-ouvertes.fr\/hal-02004696\" target=\"_blank\" rel=\"noopener noreferrer\">une premi\u00e8re version<\/a> des arguments permettant de conclure \u00e0 une d\u00e9molition nucl\u00e9aire de 3 des tours\u00a0 du World Trade Center. Le rapporteur Camille Broyelle l&#8217;a d&#8217;ailleurs correctement consign\u00e9 dans son <a href=\"https:\/\/aitia.fr\/erd\/wp-content\/uploads\/2020\/12\/2018-08-06-rapport-dinstruction.pdf\" target=\"_blank\" rel=\"noopener noreferrer\">rapport d&#8217;instruction<\/a>, \u00e9crivant : &#8220;M. Roby affirme en effet avoir produit des e\u0301crits montrant que les tours du 11 septembre 2001 sont tombe\u0301es du fait d&#8217;une explosion nucle\u0301aire sous-terraine. Cette the\u0300se nuit aux inte\u0301re\u0302ts de l&#8217;Etat d&#8217;Israe\u0308l, que M. Kalifat de\u0301fend. C&#8217;est pourquoi M. Kalifat serait intervenu aupre\u0300s de l&#8217;Universite\u0301. M. Roby demande a\u0300 ce titre aux membres du CNESER de faire expertiser ses travaux et sa the\u0301orie relative aux tours jumelles.&#8221;<\/em><\/p>\n<p style=\"text-align: justify;\"><em>Lors du jugement, le 18 mars 2019, aucun membre\u00a0 de la commission disciplinaire du CNESER, pr\u00e9sid\u00e9e par Mustapha Zidi, n&#8217;a cependant dit un mot ni pos\u00e9 une question sur ce sujet, tandis que le rapporteur Camille Broyelle semblait pr\u00e9occup\u00e9e de savoir si c&#8217;\u00e9tait bien moi qui faisait une &#8220;quenelle&#8221; sur la premi\u00e8re photo <a href=\"https:\/\/aitia.fr\/erd\/vous-etes-ici\/\" target=\"_blank\" rel=\"noopener noreferrer\">de cette page<\/a>.<\/em><\/p>\n<p style=\"text-align: justify;\"><em>\u00c0 chacun de se d\u00e9terminer en fonction de ses responsabilit\u00e9s, \u00e0 \u00eatre fid\u00e8le ou pas \u00e0 sa mission, et \u00e0 en accepter ensuite les cons\u00e9quences. L&#8217;ann\u00e9e 2020 aura \u00e9t\u00e9 particuli\u00e8rement riche en enseignements, r\u00e9v\u00e9lant au plus grand nombre \u00e0 la fois l&#8217;immense corruption syst\u00e9mique \u2013 ou, dans le meilleur des cas, l\u00e2chet\u00e9 \u2013 de nos institutions politiques, m\u00e9dicales, <a href=\"https:\/\/aitia.fr\/erd\/la-societe-francaise-de-physique-ne-voit-rien-venir\/\" target=\"_blank\" rel=\"noopener noreferrer\">acad\u00e9miques<\/a>, m\u00e9diatiques&#8230; et la d\u00e9termination sans faille de quelques individus, dont le Pr Raoult \u2013 avec bien d&#8217;autres \u2013 fait partie, de garder une \u00e9thique professionnelle conforme \u00e0 ses engagements. C&#8217;est aussi une r\u00e9flexion que j&#8217;avais expos\u00e9e par \u00e9crit dans <a href=\"https:\/\/aitia.fr\/erd\/wp-content\/uploads\/2020\/12\/2018-07-18-La-methode.pdf\" target=\"_blank\" rel=\"noopener noreferrer\">un document adress\u00e9 au CNESER<\/a> le 18 juillet 2018, et dont il ne fut jamais d\u00e9battu sur le fond.<\/em>]<\/p>\n<hr \/>\n<p style=\"text-align: center;\"><iframe loading=\"lazy\" src=\"https:\/\/www.youtube.com\/embed\/RBEncgypGrU\" width=\"640\" height=\"360\" frameborder=\"0\" allowfullscreen=\"allowfullscreen\"><span style=\"display: inline-block; width: 0px; overflow: hidden; line-height: 0;\" data-mce-type=\"bookmark\" class=\"mce_SELRES_start\">\ufeff<\/span><\/iframe><\/p>\n","protected":false},"excerpt":{"rendered":"<p>[Note de l&#8217;administrateur de ce blog : \u00e0 la fin de cette vid\u00e9o publi\u00e9e le 22 d\u00e9cembre, Didier Raoult rappelle quelque chose de tr\u00e8s important, en citant \u00e0 l&#8217;appui la d\u00e9cision n\u00b083-165 DC \u00e9mise par le Conseil Constitutionnel le 20 janvier 1984. Il rappelle que &#8220;les chercheurs ont non seulement le droit, mais le devoir [&hellip;]<\/p>\n","protected":false},"author":1,"featured_media":0,"comment_status":"open","ping_status":"open","sticky":false,"template":"","format":"video","meta":[],"categories":[134,133,3,29],"tags":[1502,1332,1597,2130,1522,1556,150,1219,1551],"_links":{"self":[{"href":"https:\/\/aitia.fr\/erd\/wp-json\/wp\/v2\/posts\/17255"}],"collection":[{"href":"https:\/\/aitia.fr\/erd\/wp-json\/wp\/v2\/posts"}],"about":[{"href":"https:\/\/aitia.fr\/erd\/wp-json\/wp\/v2\/types\/post"}],"author":[{"embeddable":true,"href":"https:\/\/aitia.fr\/erd\/wp-json\/wp\/v2\/users\/1"}],"replies":[{"embeddable":true,"href":"https:\/\/aitia.fr\/erd\/wp-json\/wp\/v2\/comments?post=17255"}],"version-history":[{"count":22,"href":"https:\/\/aitia.fr\/erd\/wp-json\/wp\/v2\/posts\/17255\/revisions"}],"predecessor-version":[{"id":17308,"href":"https:\/\/aitia.fr\/erd\/wp-json\/wp\/v2\/posts\/17255\/revisions\/17308"}],"wp:attachment":[{"href":"https:\/\/aitia.fr\/erd\/wp-json\/wp\/v2\/media?parent=17255"}],"wp:term":[{"taxonomy":"category","embeddable":true,"href":"https:\/\/aitia.fr\/erd\/wp-json\/wp\/v2\/categories?post=17255"},{"taxonomy":"post_tag","embeddable":true,"href":"https:\/\/aitia.fr\/erd\/wp-json\/wp\/v2\/tags?post=17255"}],"curies":[{"name":"wp","href":"https:\/\/api.w.org\/{rel}","templated":true}]}}