{"id":17210,"date":"2020-12-17T22:50:47","date_gmt":"2020-12-17T21:50:47","guid":{"rendered":"https:\/\/aitia.fr\/erd\/?p=17210"},"modified":"2020-12-17T22:50:47","modified_gmt":"2020-12-17T21:50:47","slug":"le-defi-de-la-verite-luc-montagnier-prix-nobel-de-medecine-france-soir","status":"publish","type":"post","link":"https:\/\/aitia.fr\/erd\/le-defi-de-la-verite-luc-montagnier-prix-nobel-de-medecine-france-soir\/","title":{"rendered":"Le D\u00e9fi de la v\u00e9rit\u00e9 : Luc Montagnier, prix Nobel de m\u00e9decine (France Soir)"},"content":{"rendered":"<p style=\"text-align: justify;\">[<em>Note (assez longue) de l&#8217;administrateur de ce blog : on se souvient comment <a href=\"https:\/\/www.lemonde.fr\/les-decodeurs\/article\/2020\/04\/17\/le-coronavirus-fabrique-a-partir-du-virus-du-sida-la-these-tres-contestee-du-pr-luc-montagnier_6036972_4355770.html\" target=\"_blank\" rel=\"noopener noreferrer\">en avril 2020<\/a> le prix Nobel de m\u00e9decine Luc Montagnier avait \u00e9t\u00e9 qualifi\u00e9 de complotiste s\u00e9nile par des journalistes sans la moindre qualification scientifique quand il avait commenc\u00e9 \u00e0 dire que le virus SARS-CoV-2 avait de grandes chances d&#8217;\u00eatre une invention humaine, et qu&#8217;il y avait vu des bouts de virus du SIDA (<a href=\"https:\/\/fr.wikipedia.org\/wiki\/Virus_de_l%27immunod%C3%A9ficience_humaine\" target=\"_blank\" rel=\"noopener noreferrer\">le VIH<\/a>, dont il est <a href=\"https:\/\/fr.wikipedia.org\/wiki\/Virus_de_l%27immunod%C3%A9ficience_humaine#D%C3%A9couverte_et_isolement_du_VIH\" target=\"_blank\" rel=\"noopener noreferrer\">co-d\u00e9couvreur<\/a>, rappelons-le). Pas de telles fadaises chez les fact-checkers et les conspiracywatchers, avaient entonn\u00e9 \u00e0 l&#8217;unisson les trompettes du media unique. Point de salut hors des pangolins et des chauves-souris, et de ces barbares de Chinois qui les mangent en soupe.<\/em><\/p>\n<p style=\"text-align: justify;\"><em>Puis, fin octobre, le journal du CNRS avait laiss\u00e9 un de ses \u00e9minents chercheurs <a href=\"https:\/\/lejournal.cnrs.fr\/articles\/la-question-de-lorigine-du-sars-cov-2-se-pose-serieusement\" target=\"_blank\" rel=\"noopener noreferrer\">argumenter scientifiquement<\/a> sur l&#8217;origine du SARS-CoV-2, en des termes beaucoup plus nuanc\u00e9s puisqu&#8217;il disait ceci : &#8220;en d\u00e9pit des recherches de virus dans les esp\u00e8ces animales vendues sur le march\u00e9 de Wuhan, aucun virus interm\u00e9diaire entre RaTG13 et le SARS-CoV-2 n\u2019a pu \u00eatre identifi\u00e9 \u00e0 ce jour. Tant que ce virus interm\u00e9diaire n\u2019aura pas \u00e9t\u00e9 identifi\u00e9 et son g\u00e9nome s\u00e9quenc\u00e9, la question de l\u2019origine de SARS-CoV-2 restera non r\u00e9solue&#8221;. <\/em><\/p>\n<p style=\"text-align: justify;\"><em>On y lisait \u00e9galement : &#8220;Aujourd\u2019hui, obtenir ou faire synth\u00e9tiser une s\u00e9quence g\u00e9n\u00e9tique est \u00e0 la port\u00e9e de n\u2019importe quel laboratoire : on peut en moins d\u2019un mois construire de toutes pi\u00e8ces un virus fonctionnel \u00e0 partir des s\u00e9quences disponibles dans les bases de donn\u00e9es. De plus, des outils de manipulation du g\u00e9nome rapides, bon march\u00e9 et faciles \u00e0 utiliser ont \u00e9t\u00e9 d\u00e9velopp\u00e9s. Ces outils permettent de faire des avanc\u00e9es spectaculaires, mais ils d\u00e9multiplient aussi les risques et la gravit\u00e9 potentielle d\u2019un \u00e9ventuel accident, notamment lors d\u2019exp\u00e9riences de \u00ab gain de fonction \u00bb sur des virus \u00e0 potentiel pand\u00e9mique&#8221;. Des propos qu&#8217;on pourra rapprocher de ceux d&#8217;Olivier Schwartz, directeur scientifique de l&#8217;Institut Pasteur, dans <a href=\"https:\/\/www.youtube.com\/watch?v=tzkDGnwMQWo\" target=\"_blank\" rel=\"noopener noreferrer\">cette vid\u00e9o publi\u00e9e par France Culture<\/a> le 11 mars (et en particulier <a href=\"https:\/\/www.youtube.com\/watch?v=tzkDGnwMQWo&amp;t=3m22s\" target=\"_blank\" rel=\"noopener noreferrer\">\u00e0 partir de 3:22<\/a>).<br \/>\n<\/em><\/p>\n<p style=\"text-align: justify;\"><em>Plus r\u00e9cemment encore, on apprend le 11 d\u00e9cembre que <a href=\"https:\/\/www.nytimes.com\/2020\/12\/11\/world\/australia\/uq-coronavirus-vaccine-false-positive.html?fbclid=IwAR1ijLpayyrIHV-RV4xZtIYwtTtsXLahHda6qyv887PKT-HMHXq4L678nrs\" target=\"_blank\" rel=\"noopener noreferrer\">l&#8217;Australie abandonne un vaccin anti-COVID-19<\/a> en cours de d\u00e9veloppement \u00e0 l&#8217;Universit\u00e9 du Queensland pour la raison qu&#8217;il donne des faux positifs aux tests de d\u00e9pistage du VIH.<\/em><\/p>\n<p style=\"text-align: justify;\"><em>On progresse.<\/em>]<\/p>\n<hr \/>\n<p style=\"text-align: justify;\">Il n\u2019\u00e9tait plus apparu depuis ses attaques en r\u00e8gle v\u00e9hicul\u00e9es dans toute la presse depuis avril 2020. Beaucoup de cha\u00eenes voulaient le Pr Montagnier. Il a choisi\u00a0FranceSoir\u00a0pour s\u2019exprimer, et s&#8217;essaie au D\u00e9fi de la v\u00e9rit\u00e9, notre nouvelle \u00e9mission. Au micro de Richard Boutry, il persiste et signe.<\/p>\n<p style=\"text-align: justify;\">Devant la multitude de questions des Fran\u00e7ais sur la crise sans pr\u00e9c\u00e9dent que traverse le pays, FranceSoir a d\u00e9velopp\u00e9 une nouvelle \u00e9mission :\u00a0<a href=\"https:\/\/www.youtube.com\/playlist?list=PLA62ijZ5-HR1Gs2uo6Rug3yYQeh4HOsRt\" target=\"_blank\" rel=\"noopener noreferrer\">le D\u00e9fi de la v\u00e9rit\u00e9<\/a>.\u00a0 Elle vient compl\u00e9ter\u00a0<a href=\"https:\/\/www.youtube.com\/playlist?list=PLA62ijZ5-HR3TTSNMDYySaSWJ65VOEyv2\" target=\"_blank\" rel=\"noopener noreferrer\">les Debriefings<\/a>\u00a0d\u00e9velopp\u00e9s r\u00e9cemment avec des personnalit\u00e9s scientifiques, des m\u00e9decins, des avocats afin d\u2019apporter un \u00e9clairage et des r\u00e9ponses \u00e0 diverses questions sur les traitements, les masques, le m\u00e9rite du confinement, les tests PCR, la gestion de la crise par le gouvernement.<\/p>\n<p style=\"text-align: center;\"><iframe loading=\"lazy\" src=\"https:\/\/www.youtube.com\/embed\/08CAfBz5qws\" width=\"640\" height=\"360\" frameborder=\"0\" allowfullscreen=\"allowfullscreen\"><span style=\"display: inline-block; width: 0px; overflow: hidden; line-height: 0;\" data-mce-type=\"bookmark\" class=\"mce_SELRES_start\">\ufeff<\/span><\/iframe><\/p>\n<p><a href=\"https:\/\/www.francesoir.fr\/opinions-tribunes\/le-defi-de-la-verite-luc-montagnier-prix-nobel-de-medecine\" target=\"_blank\" rel=\"noopener noreferrer\">Continuer la lecture sur France Soir \u2192<\/a><\/p>\n","protected":false},"excerpt":{"rendered":"<p>[Note (assez longue) de l&#8217;administrateur de ce blog : on se souvient comment en avril 2020 le prix Nobel de m\u00e9decine Luc Montagnier avait \u00e9t\u00e9 qualifi\u00e9 de complotiste s\u00e9nile par des journalistes sans la moindre qualification scientifique quand il avait commenc\u00e9 \u00e0 dire que le virus SARS-CoV-2 avait de grandes chances d&#8217;\u00eatre une invention humaine, [&hellip;]<\/p>\n","protected":false},"author":1,"featured_media":0,"comment_status":"open","ping_status":"open","sticky":false,"template":"","format":"video","meta":[],"categories":[134,133,6],"tags":[2121,1542,1761,2120,1552],"_links":{"self":[{"href":"https:\/\/aitia.fr\/erd\/wp-json\/wp\/v2\/posts\/17210"}],"collection":[{"href":"https:\/\/aitia.fr\/erd\/wp-json\/wp\/v2\/posts"}],"about":[{"href":"https:\/\/aitia.fr\/erd\/wp-json\/wp\/v2\/types\/post"}],"author":[{"embeddable":true,"href":"https:\/\/aitia.fr\/erd\/wp-json\/wp\/v2\/users\/1"}],"replies":[{"embeddable":true,"href":"https:\/\/aitia.fr\/erd\/wp-json\/wp\/v2\/comments?post=17210"}],"version-history":[{"count":7,"href":"https:\/\/aitia.fr\/erd\/wp-json\/wp\/v2\/posts\/17210\/revisions"}],"predecessor-version":[{"id":17217,"href":"https:\/\/aitia.fr\/erd\/wp-json\/wp\/v2\/posts\/17210\/revisions\/17217"}],"wp:attachment":[{"href":"https:\/\/aitia.fr\/erd\/wp-json\/wp\/v2\/media?parent=17210"}],"wp:term":[{"taxonomy":"category","embeddable":true,"href":"https:\/\/aitia.fr\/erd\/wp-json\/wp\/v2\/categories?post=17210"},{"taxonomy":"post_tag","embeddable":true,"href":"https:\/\/aitia.fr\/erd\/wp-json\/wp\/v2\/tags?post=17210"}],"curies":[{"name":"wp","href":"https:\/\/api.w.org\/{rel}","templated":true}]}}