{"id":17182,"date":"2020-12-16T13:11:36","date_gmt":"2020-12-16T12:11:36","guid":{"rendered":"https:\/\/aitia.fr\/erd\/?p=17182"},"modified":"2020-12-17T09:20:05","modified_gmt":"2020-12-17T08:20:05","slug":"creche-de-noel-au-vatican-wtf","status":"publish","type":"post","link":"https:\/\/aitia.fr\/erd\/creche-de-noel-au-vatican-wtf\/","title":{"rendered":"Cr\u00e8che de No\u00ebl au Vatican\u00a0: <i>WTF?!<\/i>"},"content":{"rendered":"<p style=\"text-align: justify;\">[<em>Note de l&#8217;administrateur de ce blog : la crise actuelle n&#8217;est pas sanitaire mais politique, c&#8217;est une crise de l\u00e9gitimit\u00e9 des autorit\u00e9s. Et dans tous les domaines : scientifique, \u00e9conomique, et m\u00eame spirituel. Ceux qui font confiance au pape &#8220;parce que c&#8217;est le pape&#8221; devraient se demander si leur attitude est plus raisonnable que de faire confiance au gouvernement &#8220;parce que c&#8217;est le gouvernement&#8221;. <\/em><\/p>\n<p style=\"text-align: justify;\"><em>Que vient faire un cosmonaute dans la repr\u00e9sentation de la Nativit\u00e9 ?\u00a0<a href=\"https:\/\/www.catholicnewsagency.com\/news\/it-doesnt-embarrass-us-art-teacher-defends-vaticans-much-maligned-nativity-scene-96867\" target=\"_blank\" rel=\"noopener noreferrer\">Certains professeurs d&#8217;art r\u00e9pondent<\/a> que ces statues ne sont pas r\u00e9centes et ont \u00e9t\u00e9 r\u00e9alis\u00e9es depuis 1954 et sur plusieurs d\u00e9cennies par <a href=\"http:\/\/www.lorenzodistefano.it\/presepeENG.html\" target=\"_blank\" rel=\"noopener noreferrer\">des artistes italiens<\/a>, le cosmonaute \u00e9tant venu c\u00e9l\u00e9brer l&#8217;envoi d&#8217;hommes sur la Lune en 1969. Mais tout de m\u00eame&#8230; Le Vatican <a href=\"https:\/\/www.ncregister.com\/news\/vatican-christmas-display-to-be-a-sign-of-hope-amid-pandemic\" target=\"_blank\" rel=\"noopener noreferrer\">avait annonc\u00e9<\/a> que la sc\u00e8ne devait \u00eatre, encore plus que les autres ann\u00e9es, un signe d&#8217;espoir et de foi pour le monde entier&#8230; eh bien c&#8217;est rat\u00e9. Ou alors, signe d&#8217;une foi tr\u00e8s sp\u00e9ciale.<br \/>\n<\/em><\/p>\n<p style=\"text-align: justify;\"><em>L&#8217;humanit\u00e9 est en train de devenir adulte \u00e0 grande vitesse, et c&#8217;est une tr\u00e8s bonne chose. H\u00e9las, il y aura dans la p\u00e9riode de transition des morts et des bless\u00e9s, en nombre d&#8217;autant plus grand qu&#8217;il restera des endormis pour s&#8217;accrocher \u00e0 leurs r\u00eaves.<\/em><\/p>\n<p style=\"text-align: justify;\"><em><strong>Mise \u00e0 jour du 17 d\u00e9cembre :<\/strong> \u00e0 <a href=\"https:\/\/fr.wikipedia.org\/wiki\/%C3%89glise_Saint-Eustache_de_Paris\" target=\"_blank\" rel=\"noopener noreferrer\">l&#8217;\u00e9glise Saint-Eustache<\/a> \u00e0 Paris on peut m\u00eame <a href=\"https:\/\/twitter.com\/dragonduclos\/status\/1339007749263413248\" target=\"_blank\" rel=\"noopener noreferrer\">trouver pire<\/a>.<\/em>]<\/p>\n<hr \/>\n<p>Source des images : <a href=\"https:\/\/twitter.com\/disclosetv\/status\/1338072162159255554\" target=\"_blank\" rel=\"noopener noreferrer\">compte twitter de Disclose.tv<\/a>.<\/p>\n<p><a href=\"https:\/\/twitter.com\/disclosetv\/status\/1338072162159255554\/photo\/3\" target=\"_blank\" rel=\"noopener noreferrer\"><img decoding=\"async\" loading=\"lazy\" class=\"aligncenter wp-image-17184 size-full\" src=\"https:\/\/aitia.fr\/erd\/wp-content\/uploads\/2020\/12\/creche-vatican-3-copie.jpg\" alt=\"\" width=\"800\" height=\"533\" srcset=\"https:\/\/aitia.fr\/erd\/wp-content\/uploads\/2020\/12\/creche-vatican-3-copie.jpg 800w, https:\/\/aitia.fr\/erd\/wp-content\/uploads\/2020\/12\/creche-vatican-3-copie-300x200.jpg 300w, https:\/\/aitia.fr\/erd\/wp-content\/uploads\/2020\/12\/creche-vatican-3-copie-768x512.jpg 768w, https:\/\/aitia.fr\/erd\/wp-content\/uploads\/2020\/12\/creche-vatican-3-copie-600x400.jpg 600w\" sizes=\"(max-width: 800px) 100vw, 800px\" \/><\/a><\/p>\n<p><!--more--><\/p>\n<p><a href=\"https:\/\/twitter.com\/disclosetv\/status\/1338072162159255554\/photo\/4\" target=\"_blank\" rel=\"noopener noreferrer\"><img decoding=\"async\" loading=\"lazy\" class=\"aligncenter wp-image-17185 size-full\" src=\"https:\/\/aitia.fr\/erd\/wp-content\/uploads\/2020\/12\/creche-vatican-4-copie.jpg\" alt=\"\" width=\"800\" height=\"533\" srcset=\"https:\/\/aitia.fr\/erd\/wp-content\/uploads\/2020\/12\/creche-vatican-4-copie.jpg 800w, https:\/\/aitia.fr\/erd\/wp-content\/uploads\/2020\/12\/creche-vatican-4-copie-300x200.jpg 300w, https:\/\/aitia.fr\/erd\/wp-content\/uploads\/2020\/12\/creche-vatican-4-copie-768x512.jpg 768w, https:\/\/aitia.fr\/erd\/wp-content\/uploads\/2020\/12\/creche-vatican-4-copie-600x400.jpg 600w\" sizes=\"(max-width: 800px) 100vw, 800px\" \/><\/a><\/p>\n<p><a href=\"https:\/\/twitter.com\/disclosetv\/status\/1338072162159255554\/photo\/1\" target=\"_blank\" rel=\"noopener noreferrer\"><img decoding=\"async\" loading=\"lazy\" class=\"aligncenter wp-image-17186 size-full\" src=\"https:\/\/aitia.fr\/erd\/wp-content\/uploads\/2020\/12\/creche-vatican-1-copie.jpg\" alt=\"\" width=\"533\" height=\"800\" srcset=\"https:\/\/aitia.fr\/erd\/wp-content\/uploads\/2020\/12\/creche-vatican-1-copie.jpg 533w, https:\/\/aitia.fr\/erd\/wp-content\/uploads\/2020\/12\/creche-vatican-1-copie-200x300.jpg 200w\" sizes=\"(max-width: 533px) 100vw, 533px\" \/><\/a><\/p>\n<p><a href=\"https:\/\/twitter.com\/disclosetv\/status\/1338072162159255554\/photo\/2\" target=\"_blank\" rel=\"noopener noreferrer\"><img decoding=\"async\" loading=\"lazy\" class=\"aligncenter wp-image-17190 size-full\" src=\"https:\/\/aitia.fr\/erd\/wp-content\/uploads\/2020\/12\/creche-vatican-2-copie-1.jpg\" alt=\"\" width=\"533\" height=\"800\" srcset=\"https:\/\/aitia.fr\/erd\/wp-content\/uploads\/2020\/12\/creche-vatican-2-copie-1.jpg 533w, https:\/\/aitia.fr\/erd\/wp-content\/uploads\/2020\/12\/creche-vatican-2-copie-1-200x300.jpg 200w\" sizes=\"(max-width: 533px) 100vw, 533px\" \/><\/a><\/p>\n","protected":false},"excerpt":{"rendered":"<p>[Note de l&#8217;administrateur de ce blog : la crise actuelle n&#8217;est pas sanitaire mais politique, c&#8217;est une crise de l\u00e9gitimit\u00e9 des autorit\u00e9s. Et dans tous les domaines : scientifique, \u00e9conomique, et m\u00eame spirituel. Ceux qui font confiance au pape &#8220;parce que c&#8217;est le pape&#8221; devraient se demander si leur attitude est plus raisonnable que de [&hellip;]<\/p>\n","protected":false},"author":1,"featured_media":0,"comment_status":"open","ping_status":"open","sticky":false,"template":"","format":"standard","meta":[],"categories":[4,3],"tags":[2119,248,2110,795,1711],"_links":{"self":[{"href":"https:\/\/aitia.fr\/erd\/wp-json\/wp\/v2\/posts\/17182"}],"collection":[{"href":"https:\/\/aitia.fr\/erd\/wp-json\/wp\/v2\/posts"}],"about":[{"href":"https:\/\/aitia.fr\/erd\/wp-json\/wp\/v2\/types\/post"}],"author":[{"embeddable":true,"href":"https:\/\/aitia.fr\/erd\/wp-json\/wp\/v2\/users\/1"}],"replies":[{"embeddable":true,"href":"https:\/\/aitia.fr\/erd\/wp-json\/wp\/v2\/comments?post=17182"}],"version-history":[{"count":11,"href":"https:\/\/aitia.fr\/erd\/wp-json\/wp\/v2\/posts\/17182\/revisions"}],"predecessor-version":[{"id":17203,"href":"https:\/\/aitia.fr\/erd\/wp-json\/wp\/v2\/posts\/17182\/revisions\/17203"}],"wp:attachment":[{"href":"https:\/\/aitia.fr\/erd\/wp-json\/wp\/v2\/media?parent=17182"}],"wp:term":[{"taxonomy":"category","embeddable":true,"href":"https:\/\/aitia.fr\/erd\/wp-json\/wp\/v2\/categories?post=17182"},{"taxonomy":"post_tag","embeddable":true,"href":"https:\/\/aitia.fr\/erd\/wp-json\/wp\/v2\/tags?post=17182"}],"curies":[{"name":"wp","href":"https:\/\/api.w.org\/{rel}","templated":true}]}}