{"id":17124,"date":"2020-12-11T20:55:32","date_gmt":"2020-12-11T19:55:32","guid":{"rendered":"https:\/\/aitia.fr\/erd\/?p=17124"},"modified":"2020-12-16T08:23:51","modified_gmt":"2020-12-16T07:23:51","slug":"linternement-psychiatrique-du-pr-fourtillan-est-il-en-lien-avec-son-apparition-dans-hold-up-er","status":"publish","type":"post","link":"https:\/\/aitia.fr\/erd\/linternement-psychiatrique-du-pr-fourtillan-est-il-en-lien-avec-son-apparition-dans-hold-up-er\/","title":{"rendered":"L\u2019internement psychiatrique du Pr Fourtillan est-il en lien avec son apparition dans <i>Hold-up<\/i> ? (E&#038;R)"},"content":{"rendered":"<p style=\"text-align: justify;\">[<em>Note de l&#8217;administrateur de ce blog : la France est en principe un \u00c9tat de droit o\u00f9, d&#8217;apr\u00e8s <a href=\"https:\/\/www.legifrance.gouv.fr\/codes\/article_lc\/LEGIARTI000006418501\/\" target=\"_blank\" rel=\"noopener noreferrer\">l&#8217;article 432-4 du Code p\u00e9nal<\/a>, &#8220;le fait, par une personne d\u00e9positaire de l&#8217;autorit\u00e9 publique ou charg\u00e9e d&#8217;une mission de service public, agissant dans l&#8217;exercice ou \u00e0 l&#8217;occasion de l&#8217;exercice de ses fonctions ou de sa mission, d&#8217;ordonner ou d&#8217;accomplir arbitrairement un acte attentatoire \u00e0 la libert\u00e9 individuelle est puni de sept ans d&#8217;emprisonnement et de 100 000 euros d&#8217;amende.&#8221;<\/em><\/p>\n<p style=\"text-align: justify;\"><em>Mais en pratique&#8230; <a href=\"https:\/\/www.tvlibertes.com\/politique-eco-n228-avec-le-pr-j-l-caccomo-enferme-de-force-en-hopital-psychiatrique-pendant-3-ans-a-cause-de-son-honnetete\" target=\"_blank\" rel=\"noopener noreferrer\">\u00e7a d\u00e9pend sur qui on tombe<\/a>. <\/em><em>J&#8217;ajoute \u00e0 l&#8217;article d&#8217;\u00c9galit\u00e9 et R\u00e9conciliation une vid\u00e9o d&#8217;une discussion sur ces \u00e9v\u00e9nements r\u00e9alis\u00e9e la nuit derni\u00e8re par Hayssam Hoballah ; merci \u00e0 lui. Ainsi qu&#8217;une vid\u00e9o p\u00e9dagogique du Pr Fourtillan lui-m\u00eame sur les recherches qu&#8217;il a men\u00e9es, et <a href=\"https:\/\/valentonine.fr\/fr-fr\/la-decouverte.html\" target=\"_blank\" rel=\"noopener noreferrer\">les r\u00e9sultats qu&#8217;il dit avoir obtenus<\/a>, sur les troubles du sommeil et les maladies neuro-d\u00e9g\u00e9n\u00e9ratives.<\/em>]<\/p>\n<hr \/>\n<p style=\"text-align: justify;\"><strong>Nous relayons cet article de <i>France Soir<\/i> avec une r\u00e9serve\u00a0: on ne sait toujours pas si l\u2019internement \u2013 s\u2019il est bien s\u00fbr av\u00e9r\u00e9 \u2013 du pharmacologue (et ancien pharmacien) Jean-Bernard Fourtillan est en rapport avec son apparition dans <i>Hold-up<\/i>, le documentaire aux six millions de vues, voire plus. <\/strong><\/p>\n<p>L\u2019extrait de <i>Hold-up<\/i> concernant Jean-Bernard Fourtillan\u00a0:<\/p>\n<p style=\"text-align: center;\"><iframe loading=\"lazy\" src=\"https:\/\/www.youtube.com\/embed\/3Z1-O-vsoU8\" width=\"640\" height=\"360\" frameborder=\"0\" allowfullscreen=\"allowfullscreen\"><\/iframe><\/p>\n<p style=\"text-align: justify;\">Fourtillan avait d\u00e9j\u00e0 \u00e9t\u00e9 d\u00e9nonc\u00e9 par les autorit\u00e9s m\u00e9diatiques le 17 novembre 2020, et mis dans le sac des scientifiques complotistes :<\/p>\n<blockquote class=\"twitter-tweet\" data-width=\"550\" data-dnt=\"true\">\n<p lang=\"fr\" dir=\"ltr\">Jean-Bernard Fourtillan, ancien pharmacien, estime notamment que l\u2019extension \u00e0 11 vaccins de l\u2019obligation vaccinale pour les enfants de 0 \u00e0 2 ans est un \u201ccrime contre l\u2019humanit\u00e9&quot;. <a href=\"https:\/\/t.co\/eoUxpcIkfF\">pic.twitter.com\/eoUxpcIkfF<\/a><\/p>\n<p>&mdash; France Inter (@franceinter) <a href=\"https:\/\/twitter.com\/franceinter\/status\/1328598861028483074?ref_src=twsrc%5Etfw\">November 17, 2020<\/a><\/p><\/blockquote>\n<p><script async src=\"https:\/\/platform.twitter.com\/widgets.js\" charset=\"utf-8\"><\/script><\/p>\n<p><a href=\"https:\/\/www.egaliteetreconciliation.fr\/L-internement-psychiatrique-du-Pr-Fourtillan-est-il-en-lien-avec-son-apparition-dans-Hold-up-62098.html\" target=\"_blank\" rel=\"noopener noreferrer\">Continuer la lecture sur \u00c9galit\u00e9 &amp; R\u00e9conciliation (puis France Soir) \u2192<\/a><\/p>\n<p><!--more--><\/p>\n<p>Visionner la vid\u00e9o de Hayssam Hoballah :<\/p>\n<p style=\"text-align: center;\"><iframe loading=\"lazy\" src=\"https:\/\/www.youtube.com\/embed\/BRMdM4klOo4\" width=\"640\" height=\"360\" frameborder=\"0\" allowfullscreen=\"allowfullscreen\"><\/iframe><\/p>\n<p>Visionner les explications du Pr Fourtillan sur ses d\u00e9couvertes (vid\u00e9o de 2016) :<\/p>\n<p style=\"text-align: center;\"><iframe loading=\"lazy\" src=\"https:\/\/www.youtube.com\/embed\/Pd8_lfokpAc\" width=\"640\" height=\"360\" frameborder=\"0\" allowfullscreen=\"allowfullscreen\"><\/iframe><\/p>\n","protected":false},"excerpt":{"rendered":"<p>[Note de l&#8217;administrateur de ce blog : la France est en principe un \u00c9tat de droit o\u00f9, d&#8217;apr\u00e8s l&#8217;article 432-4 du Code p\u00e9nal, &#8220;le fait, par une personne d\u00e9positaire de l&#8217;autorit\u00e9 publique ou charg\u00e9e d&#8217;une mission de service public, agissant dans l&#8217;exercice ou \u00e0 l&#8217;occasion de l&#8217;exercice de ses fonctions ou de sa mission, d&#8217;ordonner [&hellip;]<\/p>\n","protected":false},"author":1,"featured_media":0,"comment_status":"open","ping_status":"open","sticky":false,"template":"","format":"standard","meta":[],"categories":[4,134],"tags":[1846,2004,2109,2108,1128],"_links":{"self":[{"href":"https:\/\/aitia.fr\/erd\/wp-json\/wp\/v2\/posts\/17124"}],"collection":[{"href":"https:\/\/aitia.fr\/erd\/wp-json\/wp\/v2\/posts"}],"about":[{"href":"https:\/\/aitia.fr\/erd\/wp-json\/wp\/v2\/types\/post"}],"author":[{"embeddable":true,"href":"https:\/\/aitia.fr\/erd\/wp-json\/wp\/v2\/users\/1"}],"replies":[{"embeddable":true,"href":"https:\/\/aitia.fr\/erd\/wp-json\/wp\/v2\/comments?post=17124"}],"version-history":[{"count":16,"href":"https:\/\/aitia.fr\/erd\/wp-json\/wp\/v2\/posts\/17124\/revisions"}],"predecessor-version":[{"id":17144,"href":"https:\/\/aitia.fr\/erd\/wp-json\/wp\/v2\/posts\/17124\/revisions\/17144"}],"wp:attachment":[{"href":"https:\/\/aitia.fr\/erd\/wp-json\/wp\/v2\/media?parent=17124"}],"wp:term":[{"taxonomy":"category","embeddable":true,"href":"https:\/\/aitia.fr\/erd\/wp-json\/wp\/v2\/categories?post=17124"},{"taxonomy":"post_tag","embeddable":true,"href":"https:\/\/aitia.fr\/erd\/wp-json\/wp\/v2\/tags?post=17124"}],"curies":[{"name":"wp","href":"https:\/\/api.w.org\/{rel}","templated":true}]}}