{"id":17119,"date":"2020-12-11T09:23:20","date_gmt":"2020-12-11T08:23:20","guid":{"rendered":"https:\/\/aitia.fr\/erd\/?p=17119"},"modified":"2020-12-16T08:23:44","modified_gmt":"2020-12-16T07:23:44","slug":"covid-19-le-vaccin-de-moderna-existe-depuis-le-13-janvier-et-il-a-ete-mis-au-point-en-un-week-end-la-depeche","status":"publish","type":"post","link":"https:\/\/aitia.fr\/erd\/covid-19-le-vaccin-de-moderna-existe-depuis-le-13-janvier-et-il-a-ete-mis-au-point-en-un-week-end-la-depeche\/","title":{"rendered":"Covid-19 : le vaccin de Moderna existe depuis le 13 janvier et il a \u00e9t\u00e9 mis au point en un week-end (La D\u00e9p\u00eache)"},"content":{"rendered":"<p style=\"text-align: justify;\"><img decoding=\"async\" loading=\"lazy\" class=\"alignleft wp-image-17121\" src=\"https:\/\/aitia.fr\/erd\/wp-content\/uploads\/2020\/12\/vaccin-moderna.jpg\" alt=\"\" width=\"400\" height=\"337\" srcset=\"https:\/\/aitia.fr\/erd\/wp-content\/uploads\/2020\/12\/vaccin-moderna.jpg 594w, https:\/\/aitia.fr\/erd\/wp-content\/uploads\/2020\/12\/vaccin-moderna-300x253.jpg 300w\" sizes=\"(max-width: 400px) 100vw, 400px\" \/>[<em>Note de l&#8217;administrateur de ce blog : pour ceux qui n&#8217;auraient pas encore compris la v\u00e9ritable nature de cette &#8220;p(l)and\u00e9mie&#8221;. Mais qui ne croient pas aux miracles.<\/em>]<\/p>\n<hr \/>\n<p style=\"text-align: justify;\"><strong>Le vaccin du laboratoire am\u00e9ricain Moderna, qui va \u00eatre mis sur le march\u00e9, a \u00e9t\u00e9 globalement imagin\u00e9 d\u00e8s le 13 janvier 2020. La technologie nouvelle qu&#8217;il utilise, l&#8217;ARN messager, a d\u00fb subir toute une phase de tests comme n&#8217;importe quel vaccin.<\/strong><\/p>\n<p style=\"text-align: justify;\">13 janvier 2020. Le coronavirus touche la Chine de plein fouet mais pas encore notre pays. La France ne sait pas encore que le Covid-19 va tuer 56 000 Fran\u00e7aises et Fran\u00e7ais \u00e0 ce jour. Le premier confinement entrera en vigueur le 17 mars dans notre pays.<\/p>\n<p style=\"text-align: justify;\">Le 13 janvier, c&#8217;est pourtant \u00e0 cette date que l&#8217;\u00e9quipe de recherche du laboratoire am\u00e9ricain Moderna, associ\u00e9e aux instituts am\u00e9ricains de recherche sur la sant\u00e9 (NIH), finalise la s\u00e9quence de son vaccin contre le Covid-19, l&#8217;ARNm-1273. Deux jours plus t\u00f4t, le 11 janvier, les autorit\u00e9s chinoises avaient diffus\u00e9 la s\u00e9quence g\u00e9n\u00e9tique des prot\u00e9ines du coronavirus.<\/p>\n<p style=\"text-align: justify;\">&#8220;Le vaccin a \u00e9t\u00e9 fait en deux jours, sur ordinateur, sans jamais avoir le virus, expliquait en mars dernier le PDG fran\u00e7ais de <a href=\"https:\/\/www.modernatx.com\/modernas-work-potential-vaccine-against-covid-19\" target=\"_blank\" rel=\"noopener noreferrer\">Moderna therapeutics<\/a> St\u00e9phane Bancel dans <a href=\"https:\/\/www.liberation.fr\/planete\/2020\/03\/19\/si-tout-se-passe-bien-nous-aurons-un-vaccin-pour-une-utilisation-generalisee-a-l-hiver-2021-2022_1782301\" target=\"_blank\" rel=\"noopener noreferrer\"><em>Lib\u00e9ration<\/em><\/a>. \u00c0 titre de comparaison, il avait fallu vingt mois pour d\u00e9marrer les essais cliniques du vaccin contre le Sras&#8221;.<\/p>\n<p><a href=\"https:\/\/www.ladepeche.fr\/2020\/12\/09\/covid-19-le-vaccin-de-moderna-existe-depuis-le-13-janvier-et-il-a-ete-mis-au-point-en-un-week-end-9247981.php\" target=\"_blank\" rel=\"noopener noreferrer\">Continuer (p\u00e9niblement, \u00e0 cause des pubs) la lecture sur La D\u00e9p\u00eache \u2192<\/a><\/p>\n","protected":false},"excerpt":{"rendered":"<p>[Note de l&#8217;administrateur de ce blog : pour ceux qui n&#8217;auraient pas encore compris la v\u00e9ritable nature de cette &#8220;p(l)and\u00e9mie&#8221;. Mais qui ne croient pas aux miracles.] Le vaccin du laboratoire am\u00e9ricain Moderna, qui va \u00eatre mis sur le march\u00e9, a \u00e9t\u00e9 globalement imagin\u00e9 d\u00e8s le 13 janvier 2020. La technologie nouvelle qu&#8217;il utilise, l&#8217;ARN [&hellip;]<\/p>\n","protected":false},"author":1,"featured_media":0,"comment_status":"open","ping_status":"open","sticky":false,"template":"","format":"standard","meta":[],"categories":[134,29,6],"tags":[2107,1542,325,846,2097,852],"_links":{"self":[{"href":"https:\/\/aitia.fr\/erd\/wp-json\/wp\/v2\/posts\/17119"}],"collection":[{"href":"https:\/\/aitia.fr\/erd\/wp-json\/wp\/v2\/posts"}],"about":[{"href":"https:\/\/aitia.fr\/erd\/wp-json\/wp\/v2\/types\/post"}],"author":[{"embeddable":true,"href":"https:\/\/aitia.fr\/erd\/wp-json\/wp\/v2\/users\/1"}],"replies":[{"embeddable":true,"href":"https:\/\/aitia.fr\/erd\/wp-json\/wp\/v2\/comments?post=17119"}],"version-history":[{"count":3,"href":"https:\/\/aitia.fr\/erd\/wp-json\/wp\/v2\/posts\/17119\/revisions"}],"predecessor-version":[{"id":17123,"href":"https:\/\/aitia.fr\/erd\/wp-json\/wp\/v2\/posts\/17119\/revisions\/17123"}],"wp:attachment":[{"href":"https:\/\/aitia.fr\/erd\/wp-json\/wp\/v2\/media?parent=17119"}],"wp:term":[{"taxonomy":"category","embeddable":true,"href":"https:\/\/aitia.fr\/erd\/wp-json\/wp\/v2\/categories?post=17119"},{"taxonomy":"post_tag","embeddable":true,"href":"https:\/\/aitia.fr\/erd\/wp-json\/wp\/v2\/tags?post=17119"}],"curies":[{"name":"wp","href":"https:\/\/api.w.org\/{rel}","templated":true}]}}