{"id":17090,"date":"2020-12-07T21:14:32","date_gmt":"2020-12-07T20:14:32","guid":{"rendered":"https:\/\/aitia.fr\/erd\/?p=17090"},"modified":"2020-12-16T08:23:38","modified_gmt":"2020-12-16T07:23:38","slug":"louis-fouche-immunite-artificielle-invitation-a-la-prudence-reinfo-covid","status":"publish","type":"post","link":"https:\/\/aitia.fr\/erd\/louis-fouche-immunite-artificielle-invitation-a-la-prudence-reinfo-covid\/","title":{"rendered":"Louis Fouch\u00e9 : Immunit\u00e9 artificielle ? Invitation \u00e0 la prudence (R\u00e9infoCovid)"},"content":{"rendered":"<p style=\"text-align: justify;\">[<em>Note de l&#8217;administrateur de ce blog : document\u00e9, mesur\u00e9 et intelligemment mis en perspective, comme d&#8217;habitude avec Louis Fouch\u00e9. Et avec toujours le fil rouge de la corruption syst\u00e9mique du milieu m\u00e9dical, et ses implications m\u00e9diatico-politiques.<\/em><\/p>\n<p style=\"text-align: justify;\"><em>Les r\u00e9f\u00e9rences bibliographiques peuvent \u00eatre consult\u00e9es <a href=\"https:\/\/reinfocovid.fr\/articles_video\/louis-fouche-immunite-artificielle-invitation-a-la-prudence\/\" target=\"_blank\" rel=\"noopener noreferrer\">sur la page correspondante de R\u00e9infoCovid<\/a>.<\/em>]<\/p>\n<hr \/>\n<p style=\"text-align: center;\"><iframe loading=\"lazy\" src=\"https:\/\/www.youtube.com\/embed\/Tp-k7mF7BRk\" width=\"640\" height=\"360\" frameborder=\"0\" allowfullscreen=\"allowfullscreen\"><span style=\"display: inline-block; width: 0px; overflow: hidden; line-height: 0;\" data-mce-type=\"bookmark\" class=\"mce_SELRES_start\">\ufeff<\/span><\/iframe><\/p>\n","protected":false},"excerpt":{"rendered":"<p>[Note de l&#8217;administrateur de ce blog : document\u00e9, mesur\u00e9 et intelligemment mis en perspective, comme d&#8217;habitude avec Louis Fouch\u00e9. Et avec toujours le fil rouge de la corruption syst\u00e9mique du milieu m\u00e9dical, et ses implications m\u00e9diatico-politiques. Les r\u00e9f\u00e9rences bibliographiques peuvent \u00eatre consult\u00e9es sur la page correspondante de R\u00e9infoCovid.] \ufeff<\/p>\n","protected":false},"author":1,"featured_media":0,"comment_status":"open","ping_status":"open","sticky":false,"template":"","format":"video","meta":[],"categories":[134,133,3,29],"tags":[425,1542,785,2106,1929,194,554,344],"_links":{"self":[{"href":"https:\/\/aitia.fr\/erd\/wp-json\/wp\/v2\/posts\/17090"}],"collection":[{"href":"https:\/\/aitia.fr\/erd\/wp-json\/wp\/v2\/posts"}],"about":[{"href":"https:\/\/aitia.fr\/erd\/wp-json\/wp\/v2\/types\/post"}],"author":[{"embeddable":true,"href":"https:\/\/aitia.fr\/erd\/wp-json\/wp\/v2\/users\/1"}],"replies":[{"embeddable":true,"href":"https:\/\/aitia.fr\/erd\/wp-json\/wp\/v2\/comments?post=17090"}],"version-history":[{"count":4,"href":"https:\/\/aitia.fr\/erd\/wp-json\/wp\/v2\/posts\/17090\/revisions"}],"predecessor-version":[{"id":17094,"href":"https:\/\/aitia.fr\/erd\/wp-json\/wp\/v2\/posts\/17090\/revisions\/17094"}],"wp:attachment":[{"href":"https:\/\/aitia.fr\/erd\/wp-json\/wp\/v2\/media?parent=17090"}],"wp:term":[{"taxonomy":"category","embeddable":true,"href":"https:\/\/aitia.fr\/erd\/wp-json\/wp\/v2\/categories?post=17090"},{"taxonomy":"post_tag","embeddable":true,"href":"https:\/\/aitia.fr\/erd\/wp-json\/wp\/v2\/tags?post=17090"}],"curies":[{"name":"wp","href":"https:\/\/api.w.org\/{rel}","templated":true}]}}