{"id":17027,"date":"2020-12-04T20:01:06","date_gmt":"2020-12-04T19:01:06","guid":{"rendered":"https:\/\/aitia.fr\/erd\/?p=17027"},"modified":"2020-12-04T20:01:06","modified_gmt":"2020-12-04T19:01:06","slug":"ce-que-le-battage-publicitaire-autour-des-vaccins-contre-la-covid-ne-mentionne-pas-dr-gilbert-berdine-via-le-saker-francophone","status":"publish","type":"post","link":"https:\/\/aitia.fr\/erd\/ce-que-le-battage-publicitaire-autour-des-vaccins-contre-la-covid-ne-mentionne-pas-dr-gilbert-berdine-via-le-saker-francophone\/","title":{"rendered":"Ce que le battage publicitaire autour des vaccins contre la Covid ne mentionne pas (Dr Gilbert Berdine <i>via<\/i> Le saker francophone)"},"content":{"rendered":"<p style=\"text-align: justify;\"><img decoding=\"async\" loading=\"lazy\" class=\"alignleft wp-image-17029 size-full\" src=\"https:\/\/aitia.fr\/erd\/wp-content\/uploads\/2020\/12\/COVID-19_vaccine-r.jpeg\" alt=\"\" width=\"373\" height=\"444\" srcset=\"https:\/\/aitia.fr\/erd\/wp-content\/uploads\/2020\/12\/COVID-19_vaccine-r.jpeg 373w, https:\/\/aitia.fr\/erd\/wp-content\/uploads\/2020\/12\/COVID-19_vaccine-r-252x300.jpeg 252w\" sizes=\"(max-width: 373px) 100vw, 373px\" \/>[<em>Note de l&#8217;administrateur de ce blog : au cas o\u00f9 ce ne serait pas encore bien clair, les annonces en grande pompe sur l&#8217;efficacit\u00e9 des premiers vaccins anti-COVID-19 sont pour l&#8217;essentiel bas\u00e9es sur&#8230; du vent, car personne n&#8217;a jamais affirm\u00e9 qu&#8217;\u00eatre vaccin\u00e9 comportait moins de risques pour la sant\u00e9 que d&#8217;attraper la COVID-19. Sans oublier qu&#8217;il restera possible de se faire vacciner <strong>et<\/strong> de d\u00e9clarer n\u00e9anmoins la maladie.<\/em><\/p>\n<p style=\"text-align: justify;\"><em>Or il est maintenant parfaitement clair que la COVID-19 pr\u00e9sente tr\u00e8s peu de risques de complications graves voire fatales pour les personnes qui ne sont ni tr\u00e8s \u00e2g\u00e9es ni porteuses de comorbidit\u00e9s importantes, les Centers for Disease Control am\u00e9ricains <a href=\"https:\/\/www.cdc.gov\/nchs\/nvss\/vsrr\/covid_weekly\/index.htm?fbclid=IwAR1A0cnUguvr_pvSFTiYbmRmHwgweg-gQUeBeL1VWIoSogGaXmNp7XnJGIY#Comorbidities\" target=\"_blank\" rel=\"noopener noreferrer\">rappelant que pour seulement 6% des d\u00e9c\u00e8s<\/a> comptabilis\u00e9s &#8220;COVID-19&#8221; aux USA, aucune autre cause n&#8217;est mentionn\u00e9e. <\/em><\/p>\n<p style=\"text-align: justify;\"><em>Il faudrait pourtant commencer par l\u00e0 : <strong>primum non nocere<\/strong>, d&#8217;abord ne pas nuire.<\/em>]<\/p>\n<hr \/>\n<p style=\"text-align: justify;\"><strong>Pfizer a r\u00e9cemment annonc\u00e9 que son vaccin Covid \u00e9tait <i>\u00ab\u00a0efficace\u00a0\u00bb<\/i> \u00e0 plus de 90 % pour pr\u00e9venir la Covid-19. Peu apr\u00e8s cette annonce, Moderna annon\u00e7ait que son vaccin contre la Covid \u00e9tait <i>\u00ab\u00a0efficace\u00a0\u00bb<\/i> \u00e0 94,5 % pour pr\u00e9venir la Covid-19. Contrairement au vaccin contre la grippe, qui est un vaccin unique, les deux vaccins anti-Covid n\u00e9cessitent deux injections \u00e0 trois ou quatre semaines d\u2019intervalle. H\u00e9las, les d\u00e9finitions du terme <i>\u00ab\u00a0efficace\u00a0\u00bb<\/i> sont cach\u00e9es vers la fin des deux annonces.<\/strong><\/p>\n<p style=\"text-align: justify;\">Les deux essais comportent un groupe de traitement qui a re\u00e7u le vaccin et un groupe de contr\u00f4le qui ne l\u2019a pas re\u00e7u. Tous les sujets de l\u2019essai \u00e9taient Covid n\u00e9gatifs avant le d\u00e9but de l\u2019essai. L\u2019analyse pour les deux essais a \u00e9t\u00e9 effectu\u00e9e lorsqu\u2019un nombre cible de <em>\u00ab\u00a0cas\u00a0\u00bb<\/em> a \u00e9t\u00e9 atteint. Les <em>\u00ab\u00a0cas\u00a0\u00bb<\/em> ont \u00e9t\u00e9 d\u00e9finis par un test positif de r\u00e9action en cha\u00eene de la polym\u00e9rase (PCR). Il n\u2019y a aucune information sur le nombre de cycle utilis\u00e9 pour les tests PCR. Il n\u2019y a pas d\u2019information pour pr\u00e9ciser si les <em>\u00ab\u00a0cas\u00a0\u00bb<\/em> pr\u00e9sentaient ou non des sympt\u00f4mes. Il n\u2019y a pas d\u2019information sur les hospitalisations ou les d\u00e9c\u00e8s.<\/p>\n","protected":false},"excerpt":{"rendered":"<p>[Note de l&#8217;administrateur de ce blog : au cas o\u00f9 ce ne serait pas encore bien clair, les annonces en grande pompe sur l&#8217;efficacit\u00e9 des premiers vaccins anti-COVID-19 sont pour l&#8217;essentiel bas\u00e9es sur&#8230; du vent, car personne n&#8217;a jamais affirm\u00e9 qu&#8217;\u00eatre vaccin\u00e9 comportait moins de risques pour la sant\u00e9 que d&#8217;attraper la COVID-19. Sans oublier [&hellip;]<\/p>\n","protected":false},"author":1,"featured_media":0,"comment_status":"open","ping_status":"open","sticky":false,"template":"","format":"standard","meta":[],"categories":[134,29],"tags":[1542,855,846,2097,2016,81,2098,1946,344],"_links":{"self":[{"href":"https:\/\/aitia.fr\/erd\/wp-json\/wp\/v2\/posts\/17027"}],"collection":[{"href":"https:\/\/aitia.fr\/erd\/wp-json\/wp\/v2\/posts"}],"about":[{"href":"https:\/\/aitia.fr\/erd\/wp-json\/wp\/v2\/types\/post"}],"author":[{"embeddable":true,"href":"https:\/\/aitia.fr\/erd\/wp-json\/wp\/v2\/users\/1"}],"replies":[{"embeddable":true,"href":"https:\/\/aitia.fr\/erd\/wp-json\/wp\/v2\/comments?post=17027"}],"version-history":[{"count":11,"href":"https:\/\/aitia.fr\/erd\/wp-json\/wp\/v2\/posts\/17027\/revisions"}],"predecessor-version":[{"id":17039,"href":"https:\/\/aitia.fr\/erd\/wp-json\/wp\/v2\/posts\/17027\/revisions\/17039"}],"wp:attachment":[{"href":"https:\/\/aitia.fr\/erd\/wp-json\/wp\/v2\/media?parent=17027"}],"wp:term":[{"taxonomy":"category","embeddable":true,"href":"https:\/\/aitia.fr\/erd\/wp-json\/wp\/v2\/categories?post=17027"},{"taxonomy":"post_tag","embeddable":true,"href":"https:\/\/aitia.fr\/erd\/wp-json\/wp\/v2\/tags?post=17027"}],"curies":[{"name":"wp","href":"https:\/\/api.w.org\/{rel}","templated":true}]}}