{"id":17003,"date":"2020-12-02T23:01:52","date_gmt":"2020-12-02T22:01:52","guid":{"rendered":"https:\/\/aitia.fr\/erd\/?p=17003"},"modified":"2020-12-04T14:39:26","modified_gmt":"2020-12-04T13:39:26","slug":"le-gros-probleme-des-vaccins-contre-la-covid-19-partie-1-sante-corps-esprit","status":"publish","type":"post","link":"https:\/\/aitia.fr\/erd\/le-gros-probleme-des-vaccins-contre-la-covid-19-partie-1-sante-corps-esprit\/","title":{"rendered":"Le gros probl\u00e8me des vaccins contre la Covid-19 \u2013 partie 1 (Sant\u00e9 Corps Esprit)"},"content":{"rendered":"<p style=\"text-align: justify;\"><a href=\"http:\/\/www.boughtmovie.com\/free-viewing\/watch.php?\" target=\"_blank\" rel=\"noopener noreferrer\"><img decoding=\"async\" loading=\"lazy\" class=\"alignleft wp-image-17007\" src=\"https:\/\/aitia.fr\/erd\/wp-content\/uploads\/2020\/12\/BOUGHT-thumb-250x375-1.jpg\" alt=\"\" width=\"245\" height=\"368\" srcset=\"https:\/\/aitia.fr\/erd\/wp-content\/uploads\/2020\/12\/BOUGHT-thumb-250x375-1.jpg 250w, https:\/\/aitia.fr\/erd\/wp-content\/uploads\/2020\/12\/BOUGHT-thumb-250x375-1-200x300.jpg 200w\" sizes=\"(max-width: 245px) 100vw, 245px\" \/><\/a>[<em>Note de l&#8217;administrateur de ce blog : <a href=\"https:\/\/aitia.fr\/erd\/ethique-de-la-covid-19-vers-un-nouveau-nuremberg-france-soir\/\" target=\"_blank\" rel=\"noopener noreferrer\">nous avons d\u00e9j\u00e0 vu<\/a> que le <a href=\"https:\/\/fr.wikipedia.org\/wiki\/Code_de_Nuremberg\" target=\"_blank\" rel=\"noopener noreferrer\">Code de Nuremberg<\/a> \u00e9num\u00e9rait des conditions \u00e0 respecter pour que des exp\u00e9riences m\u00e9dicales sur des \u00eatres humains soient moralement acceptables. Parmi celles-ci, la deuxi\u00e8me stipule que &#8220;L\u2019exp\u00e9rience doit \u00eatre telle qu\u2019elle produise des r\u00e9sultats avantageux pour le bien de la soci\u00e9t\u00e9, <strong>impossibles \u00e0 obtenir par d\u2019autres m\u00e9thodes<\/strong> ou moyens d\u2019\u00e9tude, et pas al\u00e9atoires ou superflus par nature&#8221;.<\/em><\/p>\n<p style=\"text-align: justify;\"><em>On comprend donc la n\u00e9cessit\u00e9, pour les promoteurs de <a href=\"https:\/\/www.youtube.com\/watch?v=GZDzAKj-_5A\" target=\"_blank\" rel=\"noopener noreferrer\">rem\u00e8des chers, inefficaces et dangereux<\/a> ou de <a href=\"https:\/\/criigen.org\/wp-content\/uploads\/2020\/10\/2020-09_Note-dExpertise-Vaccins-GM_C.Ve%CC%81lot-02_Traite-02.pdf\" target=\"_blank\" rel=\"noopener noreferrer\">vaccins &#8220;r\u00e9volutionnaires&#8221;<\/a>, de d\u00e9molir la r\u00e9putation de <a href=\"http:\/\/www.francesoir.fr\/societe-sante\/au-senat-americain-le-retour-fracassant-dune-medecine-qui-soigne-verbatim\" target=\"_blank\" rel=\"noopener noreferrer\">traitements efficaces et \u00e9prouv\u00e9s<\/a> s&#8217;ils ne veulent pas finir par \u00eatre compar\u00e9s \u00e0 des <a href=\"https:\/\/fr.wikipedia.org\/wiki\/Josef_Mengele\" target=\"_blank\" rel=\"noopener noreferrer\">Mengele<\/a>. Dans l&#8217;article suivant, des chercheurs turcs montrent pourtant que m\u00eame de simples compl\u00e9ments alimentaires (la querc\u00e9tine et la vitamine C) semblent avoir un effet protecteur sur la COVID-19 aussi important que celui annonc\u00e9 pour les premiers vaccins&#8230; avec \u00e9videmment beaucoup moins de risques.<\/em><\/p>\n<p style=\"text-align: justify;\"><em>On rappellera certes que The Lancet, qui publie cet article en &#8220;preprint&#8221; pour l&#8217;instant, s&#8217;est distingu\u00e9 dans la crise du couillonavirus par un <a href=\"https:\/\/www.francetvinfo.fr\/sante\/maladie\/coronavirus\/video-coronavirus-le-lancetgate-ou-le-naufrage-de-la-science-business_4014381.html\" target=\"_blank\" rel=\"noopener noreferrer\">&#8220;Lancetgate&#8221;<\/a> retentissant, d\u00e9montrant par l&#8217;absurde qu&#8217;il serait d\u00e9raisonnable de croire sur paroles tout ce qu&#8217;il publie. Mais il serait tout aussi d\u00e9raisonnable de faire l&#8217;inverse, et lorsqu&#8217;une piste int\u00e9ressante est lanc\u00e9e, c&#8217;est \u00e0 la communaut\u00e9 scientifique de la mettre \u00e0 l&#8217;\u00e9preuve de fa\u00e7on m\u00e9thodique.<\/em><\/p>\n<p style=\"text-align: justify;\"><em>Si ces informations r\u00e9jouissantes sont confirm\u00e9es, et si les &#8220;autorit\u00e9s&#8221; veulent vraiment notre bien, elles sauteront sur l&#8217;occasion pour diminuer la TVA sur les c\u00e2pres, la liv\u00e8che, le piment, le sureau et le chocolat noirs (<a href=\"https:\/\/fr.wikipedia.org\/wiki\/Querc%C3%A9tine#Source\" target=\"_blank\" rel=\"noopener noreferrer\">riches en querc\u00e9tine<\/a>), ainsi que sur les aliments <a href=\"https:\/\/fr.wikipedia.org\/wiki\/Vitamine_C#Teneurs_en_vitamine_C\" target=\"_blank\" rel=\"noopener noreferrer\">riches en vitamine C<\/a>, tout en faisant une petite campagne de publicit\u00e9 sur ces sources naturelles. Peut-\u00eatre m\u00eame pourront-elles financer, pour un co\u00fbt modeste, une campagne de distribution gratuite de compl\u00e9ments alimentaires.<\/em><\/p>\n<p style=\"text-align: justify;\"><em>Pour l&#8217;instant, <a href=\"https:\/\/fr.reuters.com\/article\/idFRKBN28C11Y\" target=\"_blank\" rel=\"noopener noreferrer\">le premier sinistre Jean Castex annonce<\/a> que la France, pays de 67 millions d&#8217;habitants, a pr\u00e9command\u00e9 de quoi vacciner 100 millions de personnes.<\/em>]<\/p>\n<hr \/>\n<p style=\"text-align: justify;\">Cher(e) ami(e) de la Sant\u00e9,<\/p>\n<p style=\"text-align: justify;\">D\u00e9but novembre, le laboratoire Pfizer annonce un vaccin anti-coronavirus efficace \u00e0 90 %.<\/p>\n<p style=\"text-align: justify;\">C\u2019est l\u2019enthousiasme g\u00e9n\u00e9ral, les Bourses du monde entier montent en fl\u00e8che.<\/p>\n<p style=\"text-align: justify;\">Quelques jours apr\u00e8s, la start-up Moderna annonce un vaccin efficace \u00e0 94,5 %.<\/p>\n<p style=\"text-align: justify;\">A nouveau, les cours de Bourse s\u2019enflamment.<\/p>\n<p style=\"text-align: justify;\">Pfizer surench\u00e9rit alors en d\u00e9clarant que, finalement, son vaccin est efficace \u00e0 95 % !<\/p>\n<p style=\"text-align: justify;\">A peu pr\u00e8s au m\u00eame moment, le 16 novembre, il s\u2019est produit quelque chose d\u2019assez extraordinaire, pass\u00e9 totalement inaper\u00e7u.<\/p>\n<p style=\"text-align: justify;\">Une \u00e9quipe de chercheurs turcs publie une \u00e9tude sid\u00e9rante, en <em>preprint<\/em>, sur le site de The Lancet<span id='easy-footnote-1-17003' class='easy-footnote-margin-adjust'><\/span><span class='easy-footnote'><a href='https:\/\/aitia.fr\/erd\/le-gros-probleme-des-vaccins-contre-la-covid-19-partie-1-sante-corps-esprit\/#easy-footnote-bottom-1-17003' title='&lt;a href=&quot;https:\/\/papers.ssrn.com\/sol3\/papers.cfm?abstract_id=3682517&quot; target=&quot;_blank&quot; rel=&quot;noopener noreferrer&quot;&gt;Synergistic Effect of Quercetin and Vitamin C Against COVID-19: Is a Possible Guard for Front Liners&lt;\/a&gt;'><sup>1<\/sup><\/a><\/span>.<\/p>\n<p style=\"text-align: justify;\">Eux aussi auraient trouv\u00e9 une sorte de \u00ab vaccin \u00bb pr\u00e9ventif contre le coronavirus, efficace lui aussi \u00e0 plus de 90 %.<\/p>\n<p style=\"text-align: justify;\">Mais la solution turque est tr\u00e8s diff\u00e9rente des vaccins de Pfizer, Moderna ou Sanofi :<\/p>\n<p style=\"text-align: justify;\">Elle n\u2019a pas co\u00fbt\u00e9 des milliards au contribuable pour l\u2019inventer : en fait, elle a co\u00fbt\u00e9 z\u00e9ro euro \u00e0 mettre au point, car on la conna\u00eet depuis des dizaines d\u2019ann\u00e9es ;<br \/>\nElle n\u2019a pas besoin d\u2019\u00eatre inject\u00e9e, et encore moins conserv\u00e9e dans un frigo \u00e0 -70 degr\u00e9s, ni m\u00eame \u00e0 -20 degr\u00e9s : c\u2019est une simple pilule \u00e0 avaler ;<br \/>\nElle ne cause strictement aucun effet ind\u00e9sirable, et personne ne s\u2019inqui\u00e8te de ses r\u00e9percussions sur le syst\u00e8me immunitaire ou le patrimoine g\u00e9n\u00e9tique, contrairement aux vaccins \u00e0 ARN messager en pr\u00e9paration ;<br \/>\nElle est distribuable imm\u00e9diatement \u00e0 la totalit\u00e9 de la population mondiale, pour un co\u00fbt minime, alors que les nouveaux vaccins ne seront pas disponibles massivement avant 6 ou 12 mois.<\/p>\n<p style=\"text-align: justify;\">Sur le papier, cette solution turque est donc largement sup\u00e9rieure aux \u00ab vrais \u00bb vaccins qu\u2019on nous annonce.<\/p>\n<p style=\"text-align: justify;\">Mais bizarrement elle n\u2019a fait l\u2019objet d\u2019aucun grand titre m\u00e9diatique.<\/p>\n<p style=\"text-align: justify;\">Les cours de Bourse n\u2019ont pas boug\u00e9 d\u2019un pouce lors de la publication de ces r\u00e9sultats.<\/p>\n<p style=\"text-align: justify;\">Car ce n\u2019est pas un vaccin high-tech, mais un simple compl\u00e9ment alimentaire, contenant trois mol\u00e9cules naturelles : la querc\u00e9tine, la vitamine C et la brom\u00e9la\u00efne.<\/p>\n<p><a href=\"https:\/\/www.sante-corps-esprit.com\/le-gros-probleme-des-vaccins-contre-la-covid-19-partie-1\/\" target=\"_blank\" rel=\"noopener noreferrer\">Continuer la lecture sur Sant\u00e9 Corps Esprit \u2192<\/a><\/p>\n","protected":false},"excerpt":{"rendered":"<p>[Note de l&#8217;administrateur de ce blog : nous avons d\u00e9j\u00e0 vu que le Code de Nuremberg \u00e9num\u00e9rait des conditions \u00e0 respecter pour que des exp\u00e9riences m\u00e9dicales sur des \u00eatres humains soient moralement acceptables. Parmi celles-ci, la deuxi\u00e8me stipule que &#8220;L\u2019exp\u00e9rience doit \u00eatre telle qu\u2019elle produise des r\u00e9sultats avantageux pour le bien de la soci\u00e9t\u00e9, impossibles [&hellip;]<\/p>\n","protected":false},"author":1,"featured_media":0,"comment_status":"open","ping_status":"open","sticky":false,"template":"","format":"standard","meta":[],"categories":[134,3,6],"tags":[2094,1542,2039,1219,2095,1748,2096],"_links":{"self":[{"href":"https:\/\/aitia.fr\/erd\/wp-json\/wp\/v2\/posts\/17003"}],"collection":[{"href":"https:\/\/aitia.fr\/erd\/wp-json\/wp\/v2\/posts"}],"about":[{"href":"https:\/\/aitia.fr\/erd\/wp-json\/wp\/v2\/types\/post"}],"author":[{"embeddable":true,"href":"https:\/\/aitia.fr\/erd\/wp-json\/wp\/v2\/users\/1"}],"replies":[{"embeddable":true,"href":"https:\/\/aitia.fr\/erd\/wp-json\/wp\/v2\/comments?post=17003"}],"version-history":[{"count":10,"href":"https:\/\/aitia.fr\/erd\/wp-json\/wp\/v2\/posts\/17003\/revisions"}],"predecessor-version":[{"id":17026,"href":"https:\/\/aitia.fr\/erd\/wp-json\/wp\/v2\/posts\/17003\/revisions\/17026"}],"wp:attachment":[{"href":"https:\/\/aitia.fr\/erd\/wp-json\/wp\/v2\/media?parent=17003"}],"wp:term":[{"taxonomy":"category","embeddable":true,"href":"https:\/\/aitia.fr\/erd\/wp-json\/wp\/v2\/categories?post=17003"},{"taxonomy":"post_tag","embeddable":true,"href":"https:\/\/aitia.fr\/erd\/wp-json\/wp\/v2\/tags?post=17003"}],"curies":[{"name":"wp","href":"https:\/\/api.w.org\/{rel}","templated":true}]}}