{"id":16995,"date":"2020-12-01T22:13:31","date_gmt":"2020-12-01T21:13:31","guid":{"rendered":"https:\/\/aitia.fr\/erd\/?p=16995"},"modified":"2020-12-01T22:13:31","modified_gmt":"2020-12-01T21:13:31","slug":"le-general-flynn-qanon-et-les-elections-us-thierry-meyssan","status":"publish","type":"post","link":"https:\/\/aitia.fr\/erd\/le-general-flynn-qanon-et-les-elections-us-thierry-meyssan\/","title":{"rendered":"Le g\u00e9n\u00e9ral Flynn, QAnon et les \u00e9lections US <br>(Thierry Meyssan)"},"content":{"rendered":"<div id=\"attachment_16996\" style=\"width: 410px\" class=\"wp-caption alignleft\"><img aria-describedby=\"caption-attachment-16996\" decoding=\"async\" loading=\"lazy\" class=\"wp-image-16996 size-full\" src=\"https:\/\/aitia.fr\/erd\/wp-content\/uploads\/2020\/12\/conseil-securite-US.jpg\" alt=\"R\u00e9union au Conseil national de s\u00e9curit\u00e9 US, le 13 juin 2013 \u00e0 la Maison-Blanche. L\u2019ambassadeur de la Confr\u00e9rie secr\u00e8te des Fr\u00e8res musulmans, Youssef al-Qarad\u00e2w\u00ee, n\u2019ayant pas pu se rendre \u00e0 Washington car interdit d\u2019acc\u00e8s au territoire US, il s\u2019est fait repr\u00e9senter par son adjoint, le cheik Abdallah Bin Bayyah (second \u00e0 gauche avec le turban).\" width=\"400\" height=\"300\" srcset=\"https:\/\/aitia.fr\/erd\/wp-content\/uploads\/2020\/12\/conseil-securite-US.jpg 400w, https:\/\/aitia.fr\/erd\/wp-content\/uploads\/2020\/12\/conseil-securite-US-300x225.jpg 300w, https:\/\/aitia.fr\/erd\/wp-content\/uploads\/2020\/12\/conseil-securite-US-80x60.jpg 80w\" sizes=\"(max-width: 400px) 100vw, 400px\" \/><p id=\"caption-attachment-16996\" class=\"wp-caption-text\">R\u00e9union au Conseil national de s\u00e9curit\u00e9 US, le 13 juin 2013 \u00e0 la Maison-Blanche. L\u2019ambassadeur de la Confr\u00e9rie secr\u00e8te des Fr\u00e8res musulmans, Youssef al-Qarad\u00e2w\u00ee, n\u2019ayant pas pu se rendre \u00e0 Washington car interdit d\u2019acc\u00e8s au territoire US, il s\u2019est fait repr\u00e9senter par son adjoint, le cheik Abdallah Bin Bayyah (second \u00e0 gauche avec le turban).<\/p><\/div>\n<p style=\"text-align: justify;\">[<em>Note de l&#8217;administrateur de ce blog : on est estomaqu\u00e9 par le d\u00e9ni absolu des &#8220;grands&#8221; media au sujet de la fraude massive ayant eu lieu pendant les \u00e9lections pr\u00e9sidentielles am\u00e9ricaines, alors que <a href=\"https:\/\/hereistheevidence.com\/\" target=\"_blank\" rel=\"noopener noreferrer\">les preuves abondent sous diverses formes<\/a>, et notamment des centaines de d\u00e9clarations sous serment. Rappelons que mentir sous serment expose le menteur \u00e0 passer par la case prison&#8230;<\/em><\/p>\n<p style=\"text-align: justify;\"><em>Dans ce bras de fer entre, non pas les D\u00e9mocrates et les R\u00e9publicains, mais plut\u00f4t les patriotes attach\u00e9s \u00e0 la Constitution am\u00e9ricaine d&#8217;un c\u00f4t\u00e9, et ceux qui comptent encore profiter d&#8217;un syst\u00e8me archi-corrompu \u2013 l&#8217;ancien pr\u00e9sident <a href=\"https:\/\/aitia.fr\/erd\/qui-a-dit-n-6\/\" target=\"_blank\" rel=\"noopener noreferrer\">Carter lui-m\u00eame l&#8217;avait reconnu<\/a> \u2013 de l&#8217;autre, la seule issue possible est l&#8217;\u00e9crasement d&#8217;un camp par son adversaire. Particuli\u00e8rement quand on sait que les agissements de certains, s&#8217;ils sont av\u00e9r\u00e9s, sont passibles de la peine de mort (pour trahison).<\/em><\/p>\n<p style=\"text-align: justify;\"><em>Il semble bien que, contrairement \u00e0 ce que l&#8217;auto-persuasion m\u00e9diatique voudrait faire croire, la m\u00e9thode et la d\u00e9termination de l&#8217;\u00e9quipe derri\u00e8re Trump finira par redonner aux \u00c9tats-Unis des bases d\u00e9mocratiques qu&#8217;ils avaient perdues depuis des d\u00e9cennies. Ce qui passera par un gran choc psychologique pour beaucoup d&#8217;Am\u00e9ricains, et l&#8217;effondrement des mass media ayant perdu toute cr\u00e9dibilit\u00e9.<\/em>]<\/p>\n<hr \/>\n<p style=\"text-align: justify;\"><strong>La gr\u00e2ce octroy\u00e9e par le pr\u00e9sident Trump \u00e0 son ancien conseiller national de s\u00e9curit\u00e9, le g\u00e9n\u00e9ral Michael Flynn, parait \u00eatre un soutien \u00e0 QAnon\u00a0; un groupe qui lui para\u00eet li\u00e9. De m\u00eame que le renvoi de leaders du Pentagone semble suivre les objectifs du g\u00e9n\u00e9ral Flynn.<\/strong><\/p>\n<p class=\"lettrine\" style=\"text-align: justify;\">En accordant avec \u00e9clat sa gr\u00e2ce pr\u00e9sidentielle au g\u00e9n\u00e9ral Michael Flynn, Donald Trump a jet\u00e9 le trouble.<\/p>\n<p style=\"text-align: justify;\">Certes, ce grand militaire est poursuivi pour avoir menti aux enqu\u00eateurs du <i>Russiagate<\/i> (et non pas pour d\u2019autres crimes qu\u2019il aurait lui-m\u00eame commis). Il cherchait \u00e0 prot\u00e9ger son patron des intrusions de la Justice\u00a0; ce dont celui-ci le remercie aujourd\u2019hui.<\/p>\n<p style=\"text-align: justify;\">Mais surtout parce que cet homme a un <i>curriculum vit\u00e6<\/i> remarquable. Directeur du Renseignement militaire, il remit en cause le soutien de l\u2019administration Obama \u00e0 Al-Qa\u00efda, \u00e0 Daesh et \u00e0 leur maison-m\u00e8re, les Fr\u00e8res musulmans. Il batailla pour stopper la guerre contre la Syrie et maintenir le pr\u00e9sident Bachar el-Assad \u00e0 son poste. \u00c0 l\u2019issue d\u2019un m\u00e9morable conflit, au cours duquel il fut soutenu par les g\u00e9n\u00e9raux Mattis et Kelly, il fut contraint de d\u00e9missionner.<\/p>\n<p><a href=\"https:\/\/www.voltairenet.org\/article211792.html\" target=\"_blank\" rel=\"noopener noreferrer\">Continuer la lecture sur le R\u00e9seau Voltaire \u2192<\/a><\/p>\n","protected":false},"excerpt":{"rendered":"<p>[Note de l&#8217;administrateur de ce blog : on est estomaqu\u00e9 par le d\u00e9ni absolu des &#8220;grands&#8221; media au sujet de la fraude massive ayant eu lieu pendant les \u00e9lections pr\u00e9sidentielles am\u00e9ricaines, alors que les preuves abondent sous diverses formes, et notamment des centaines de d\u00e9clarations sous serment. Rappelons que mentir sous serment expose le menteur [&hellip;]<\/p>\n","protected":false},"author":1,"featured_media":0,"comment_status":"open","ping_status":"open","sticky":false,"template":"","format":"standard","meta":[],"categories":[4,134,29],"tags":[460,400,1999,1852,48,2093,1064],"_links":{"self":[{"href":"https:\/\/aitia.fr\/erd\/wp-json\/wp\/v2\/posts\/16995"}],"collection":[{"href":"https:\/\/aitia.fr\/erd\/wp-json\/wp\/v2\/posts"}],"about":[{"href":"https:\/\/aitia.fr\/erd\/wp-json\/wp\/v2\/types\/post"}],"author":[{"embeddable":true,"href":"https:\/\/aitia.fr\/erd\/wp-json\/wp\/v2\/users\/1"}],"replies":[{"embeddable":true,"href":"https:\/\/aitia.fr\/erd\/wp-json\/wp\/v2\/comments?post=16995"}],"version-history":[{"count":6,"href":"https:\/\/aitia.fr\/erd\/wp-json\/wp\/v2\/posts\/16995\/revisions"}],"predecessor-version":[{"id":17002,"href":"https:\/\/aitia.fr\/erd\/wp-json\/wp\/v2\/posts\/16995\/revisions\/17002"}],"wp:attachment":[{"href":"https:\/\/aitia.fr\/erd\/wp-json\/wp\/v2\/media?parent=16995"}],"wp:term":[{"taxonomy":"category","embeddable":true,"href":"https:\/\/aitia.fr\/erd\/wp-json\/wp\/v2\/categories?post=16995"},{"taxonomy":"post_tag","embeddable":true,"href":"https:\/\/aitia.fr\/erd\/wp-json\/wp\/v2\/tags?post=16995"}],"curies":[{"name":"wp","href":"https:\/\/api.w.org\/{rel}","templated":true}]}}