{"id":16977,"date":"2020-11-30T21:24:18","date_gmt":"2020-11-30T20:24:18","guid":{"rendered":"https:\/\/aitia.fr\/erd\/?p=16977"},"modified":"2020-11-30T21:37:21","modified_gmt":"2020-11-30T20:37:21","slug":"une-interview-surrealiste-de-quoi-ne-plus-donner-envie-aux-belges-de-suivre-les-regles-les-propos-de-frank-vandenbroucke-apres-le-comite-de-concertation-font-reagir-la-libre","status":"publish","type":"post","link":"https:\/\/aitia.fr\/erd\/une-interview-surrealiste-de-quoi-ne-plus-donner-envie-aux-belges-de-suivre-les-regles-les-propos-de-frank-vandenbroucke-apres-le-comite-de-concertation-font-reagir-la-libre\/","title":{"rendered":"&#8220;Une interview surr\u00e9aliste&#8221;, &#8220;De quoi ne plus donner envie aux Belges de suivre les r\u00e8gles&#8221;: les propos de Frank Vandenbroucke apr\u00e8s le Comit\u00e9 de concertation font r\u00e9agir (La Libre)"},"content":{"rendered":"<p style=\"text-align: justify;\"><img decoding=\"async\" loading=\"lazy\" class=\"alignleft wp-image-16979 size-full\" src=\"https:\/\/aitia.fr\/erd\/wp-content\/uploads\/2020\/11\/Vandenbroucke.png\" alt=\"\" width=\"432\" height=\"428\" srcset=\"https:\/\/aitia.fr\/erd\/wp-content\/uploads\/2020\/11\/Vandenbroucke.png 432w, https:\/\/aitia.fr\/erd\/wp-content\/uploads\/2020\/11\/Vandenbroucke-300x297.png 300w, https:\/\/aitia.fr\/erd\/wp-content\/uploads\/2020\/11\/Vandenbroucke-150x150.png 150w\" sizes=\"(max-width: 432px) 100vw, 432px\" \/>[<em>Note de l&#8217;administrateur de ce blog : on assiste en direct \u00e0 l&#8217;effondrement d&#8217;une propagande gouvernementale criminelle. C&#8217;est en Belgique, mais on a \u00e0 peu pr\u00e8s les m\u00eames en France. On appr\u00e9ciera la &#8220;strat\u00e9gie du choc&#8221; parfaitement r\u00e9ussie \u00e0 l&#8217;aune des <a href=\"https:\/\/www.7sur7.be\/belgique\/une-jeune-independante-liegeoise-se-suicide-apres-avoir-tout-perdu-elle-est-devenue-un-symbole-et-une-victime-collaterale-de-cette-pandemie~a0728a48\" target=\"_blank\" rel=\"noopener noreferrer\">suicides chez les petits commer\u00e7ants<\/a>, et on compl\u00e8tera le tableau avec <a href=\"https:\/\/www.dhnet.be\/actu\/belgique\/4-3-millions-la-grande-depense-de-la-belgique-pour-un-medicament-inefficace-5fc3e39dd8ad585a45993f07\" target=\"_blank\" rel=\"noopener noreferrer\">les millions d&#8217;euros d\u00e9pens\u00e9s<\/a> pour un m\u00e9dicament inefficace (en plus <a href=\"https:\/\/www.nouvelobs.com\/coronavirus-de-wuhan\/20201120.OBS36318\/l-oms-deconseille-le-remdesivir-contre-le-covid.html\" target=\"_blank\" rel=\"noopener noreferrer\">d&#8217;\u00eatre dangereux<\/a>). <\/em><em>Et si \u00e7a ne suffit pas, le p\u00e8re fouettard <a href=\"https:\/\/www.lalibre.be\/belgique\/societe\/frank-vandenbroucke-apres-le-week-end-chahute-si-c-est-comme-ca-les-commerces-ne-pourront-pas-rouvrir-5fc4de477b50a65ab1a0d800\" target=\"_blank\" rel=\"noopener noreferrer\">en rajoutera une couche<\/a>.<\/em><\/p>\n<p style=\"text-align: justify;\"><em>\u00c7a commence \u00e0 faire quand m\u00eame beaucoup pour des &#8220;d\u00e9cideurs&#8221; qui d\u00e9cident syst\u00e9matiquement dans le mauvais sens&#8230; logiquement, l&#8217;incomp\u00e9tence seule devrait leur faire prendre des d\u00e9cisions au petit bonheur la chance, donc avec parfois de bons r\u00e9sultats. Il va donc falloir trouver une autre explication.<\/em>]<\/p>\n<hr \/>\n<p class=\"article-chapo\" style=\"text-align: justify;\"><strong>Le ministre de la Sant\u00e9, Frank Vandenbroucke (sp.a), est revenu sur la raison pour laquelle les autorit\u00e9s avaient d\u00e9cid\u00e9 de faire fermer les commerces non essentiels pendant un mois. Des explications qui ont fait grincer les dents de nombreuses personnes.<\/strong><\/p>\n<p style=\"text-align: justify;\">Interrog\u00e9 \u00e0 la sortie du Comit\u00e9 de concertation ce vendredi 27 novembre, le ministre de la Sant\u00e9 a tenu un discours qui a interpell\u00e9 de nombreuses personnes, y compris ses partenaires de coalition. Revenant sur la d\u00e9cision de rouvrir les commerces non essentiels d\u00e8s le 1er d\u00e9cembre, Frank Vandenbroucke (sp.a) a ainsi expliqu\u00e9 que &#8220;faire du shopping ne comportait pas vraiment de risque quand tout \u00e9tait bien contr\u00f4l\u00e9&#8221;. Des propos auxquels le journaliste de la VRT a imm\u00e9diatement r\u00e9agi, demandant d\u00e8s lors pourquoi ces magasins avaient d\u00fb fermer leurs portes le 30 octobre dernier. &#8220;Parce qu&#8217;\u00e0 un moment on avait besoin de prendre une d\u00e9cision choc, il fallait un \u00e9lectrochoc et cela impliquait que l&#8217;on ferme imm\u00e9diatement les commerces non essentiels&#8221;, a r\u00e9torqu\u00e9 le ministre de la Sant\u00e9, qui a \u00e9galement admis qu&#8217;il s&#8217;agissait d&#8217;une mesure &#8220;psychologique&#8221;.<\/p>\n<p><a href=\"https:\/\/www.lalibre.be\/belgique\/politique-belge\/une-interview-surrealiste-de-quoi-ne-plus-donner-envie-aux-belges-de-suivre-les-regles-les-propos-de-frank-vandenbroucke-apres-le-comite-de-concertation-font-reagir-5fc49a297b50a65ab1a0d775\" target=\"_blank\" rel=\"noopener noreferrer\">Continuer la lecture sur <em>La Libre<\/em> \u2192<\/a><\/p>\n","protected":false},"excerpt":{"rendered":"<p>[Note de l&#8217;administrateur de ce blog : on assiste en direct \u00e0 l&#8217;effondrement d&#8217;une propagande gouvernementale criminelle. C&#8217;est en Belgique, mais on a \u00e0 peu pr\u00e8s les m\u00eames en France. On appr\u00e9ciera la &#8220;strat\u00e9gie du choc&#8221; parfaitement r\u00e9ussie \u00e0 l&#8217;aune des suicides chez les petits commer\u00e7ants, et on compl\u00e8tera le tableau avec les millions d&#8217;euros [&hellip;]<\/p>\n","protected":false},"author":1,"featured_media":0,"comment_status":"open","ping_status":"open","sticky":false,"template":"","format":"standard","meta":[],"categories":[4,134,29],"tags":[2088,1561,1542,1524,1725,2090,2029,2089,12],"_links":{"self":[{"href":"https:\/\/aitia.fr\/erd\/wp-json\/wp\/v2\/posts\/16977"}],"collection":[{"href":"https:\/\/aitia.fr\/erd\/wp-json\/wp\/v2\/posts"}],"about":[{"href":"https:\/\/aitia.fr\/erd\/wp-json\/wp\/v2\/types\/post"}],"author":[{"embeddable":true,"href":"https:\/\/aitia.fr\/erd\/wp-json\/wp\/v2\/users\/1"}],"replies":[{"embeddable":true,"href":"https:\/\/aitia.fr\/erd\/wp-json\/wp\/v2\/comments?post=16977"}],"version-history":[{"count":4,"href":"https:\/\/aitia.fr\/erd\/wp-json\/wp\/v2\/posts\/16977\/revisions"}],"predecessor-version":[{"id":16982,"href":"https:\/\/aitia.fr\/erd\/wp-json\/wp\/v2\/posts\/16977\/revisions\/16982"}],"wp:attachment":[{"href":"https:\/\/aitia.fr\/erd\/wp-json\/wp\/v2\/media?parent=16977"}],"wp:term":[{"taxonomy":"category","embeddable":true,"href":"https:\/\/aitia.fr\/erd\/wp-json\/wp\/v2\/categories?post=16977"},{"taxonomy":"post_tag","embeddable":true,"href":"https:\/\/aitia.fr\/erd\/wp-json\/wp\/v2\/tags?post=16977"}],"curies":[{"name":"wp","href":"https:\/\/api.w.org\/{rel}","templated":true}]}}