{"id":16957,"date":"2020-11-30T13:11:44","date_gmt":"2020-11-30T12:11:44","guid":{"rendered":"https:\/\/aitia.fr\/erd\/?p=16957"},"modified":"2020-11-30T21:37:07","modified_gmt":"2020-11-30T20:37:07","slug":"dr-martin-kulldorff-les-confinements-produisent-des-effets-devastateurs-sur-la-sante-publique-a-court-et-long-terme-le-figaro","status":"publish","type":"post","link":"https:\/\/aitia.fr\/erd\/dr-martin-kulldorff-les-confinements-produisent-des-effets-devastateurs-sur-la-sante-publique-a-court-et-long-terme-le-figaro\/","title":{"rendered":"Dr. Martin Kulldorff: \u00ab\u00a0Les confinements produisent <br>des effets d\u00e9vastateurs sur la sant\u00e9 publique \u00e0 court et long terme\u00a0\u00bb (Le Figaro)"},"content":{"rendered":"<div id=\"attachment_16961\" style=\"width: 400px\" class=\"wp-caption alignleft\"><img aria-describedby=\"caption-attachment-16961\" decoding=\"async\" loading=\"lazy\" class=\"wp-image-16961\" src=\"https:\/\/aitia.fr\/erd\/wp-content\/uploads\/2020\/11\/confinement-300x197.png\" alt=\"\u00abEn tant que scientifique en charge de sant\u00e9 publique, je ne peux que me d\u00e9soler des \u00e9normes dommages collat\u00e9raux que la strat\u00e9gie de bouclage a caus\u00e9s sur d\u2019autres domaines sanitaires.\u00bb \" width=\"390\" height=\"256\" srcset=\"https:\/\/aitia.fr\/erd\/wp-content\/uploads\/2020\/11\/confinement-300x197.png 300w, https:\/\/aitia.fr\/erd\/wp-content\/uploads\/2020\/11\/confinement.png 524w\" sizes=\"(max-width: 390px) 100vw, 390px\" \/><p id=\"caption-attachment-16961\" class=\"wp-caption-text\">\u00abEn tant que scientifique en charge de sant\u00e9 publique, je ne peux que me d\u00e9soler des \u00e9normes dommages collat\u00e9raux <br \/>que la strat\u00e9gie de bouclage a caus\u00e9s sur <br \/>d\u2019autres domaines sanitaires.\u00bb<\/p><\/div>\n<p style=\"text-align: justify;\">[<em>Note de l&#8217;administrateur de ce blog : ce n&#8217;est pas pour rien que le confinement g\u00e9n\u00e9ralis\u00e9 d&#8217;une population n&#8217;a jamais, dans l&#8217;histoire de l&#8217;humanit\u00e9, \u00e9t\u00e9 utilis\u00e9 pour lutter contre une \u00e9pid\u00e9mie. <\/em><\/p>\n<p style=\"text-align: justify;\"><em>Seules des <strong>quarantaines<\/strong> ont \u00e9t\u00e9 instaur\u00e9es pour des personnes malades, ou susceptibles de l&#8217;\u00eatre, lorsqu&#8217;on identifie le foyer d&#8217;une \u00e9pid\u00e9mie \u00e0 son d\u00e9but (comme ce fut le cas r\u00e9cemment en Chine, ou lors de la bien plus grave <a href=\"https:\/\/fr.wikipedia.org\/wiki\/Peste_de_Marseille_(1720)\" target=\"_blank\" rel=\"noopener noreferrer\">\u00e9pid\u00e9mie de peste \u00e0 Marseille en 1720<\/a>). <\/em><\/p>\n<p style=\"text-align: justify;\"><em>Nos gouvernements nous croient-ils idiots \u00e0 ce point ? \u00c0 nous de leur rappeler que nous ne le sommes pas !<\/em> <em>D\u00e9j\u00e0 en leur rappelant \u2013 ainsi qu&#8217;aux mediamenteurs \u2013 que la Su\u00e8de n&#8217;a certainement <a href=\"https:\/\/ig.ft.com\/coronavirus-chart\/?areas=fra&amp;areas=swe&amp;areasRegional=usny&amp;areasRegional=usca&amp;areasRegional=usfl&amp;areasRegional=ustx&amp;byDate=1&amp;cumulative=0&amp;logScale=0&amp;per100K=1&amp;values=deaths\" target=\"_blank\" rel=\"noopener noreferrer\">aucune le\u00e7on \u00e0 recevoir de la France<\/a> en mati\u00e8re de gestion sanitaire.<\/em>]<\/p>\n<hr \/>\n<p style=\"text-align: justify;\"><strong>FIGAROVOX\/GRAND ENTRETIEN &#8211; Les diff\u00e9rentes politiques de confinement ont eu et auront des r\u00e9sultats catastrophiques pour la sant\u00e9 publique des citoyens concern\u00e9s, estime le docteur Martin Kulldorff. Selon le professeur \u00e0 la Harvard Medical School, il faudrait au contraire privil\u00e9gier une \u00ab Protection Cibl\u00e9e \u00bb des personnes \u00e0 risque et d\u00e9confiner le reste de la population.<\/strong><\/p>\n<p style=\"text-align: justify;\"><em>Par Pierre Valentin<\/em><br \/>\n<em>Publi\u00e9 le 27\/11\/2020 \u00e0 18:29, Mis \u00e0 jour le 27\/11\/2020 \u00e0 18:29<\/em><\/p>\n<p class=\"fig-paragraph\"><em>Dr. Martin Kulldorff est professeur \u00e0 la Harvard Medical School expert en biostatistique, et \u00e9pid\u00e9miologiste. Il a cosign\u00e9 <\/em><a href=\"https:\/\/gbdeclaration.org\/la-declaration-de-great-barrington\/\" target=\"_blank\" rel=\"noopener noreferrer\" data-gtm-custom-categorie=\"navigation\" data-gtm-custom-action=\"crossclick\" data-gtm-custom-label=\"Contextuel\" data-gtm-event=\"customEventSPE\">La D\u00e9claration de Great Barrington<\/a>, <em>un texte qui met en cause les politiques de confinement g\u00e9n\u00e9ral \u00e0 travers le monde.<\/em><\/p>\n<p style=\"text-align: justify;\"><b>FIGAROVOX. &#8211; Le Royaume-Uni \u2013 quoique bri\u00e8vement \u2013 et la Su\u00e8de ont tous deux pratiqu\u00e9 une tentative d\u2019immunit\u00e9 collective et ont maintenant largement abandonn\u00e9 cette strat\u00e9gie. Pourquoi en est-il ainsi ?<\/b><\/p>\n<p style=\"text-align: justify;\"><b>Martin KULLDORFF. &#8211; <\/b>L\u2019immunit\u00e9 collective n\u2019est pas une strat\u00e9gie, mais un ph\u00e9nom\u00e8ne scientifiquement prouv\u00e9, au m\u00eame titre que la gravit\u00e9. Aucun pays n\u2019a adopt\u00e9 une strat\u00e9gie d\u2019immunit\u00e9 collective, mais quelle que soit la strat\u00e9gie utilis\u00e9e, tous les pays finiront par atteindre l\u2019immunit\u00e9 collective. L\u2019objectif devrait \u00eatre de minimiser \u00e0 la fois la COVID-19 et les d\u00e9c\u00e8s collat\u00e9raux jusqu\u2019\u00e0 ce que nous y arrivions.<\/p>\n<p>Pour ce faire, une strat\u00e9gie de protection cibl\u00e9e permet de mieux prot\u00e9ger les personnes \u00e2g\u00e9es et les autres groupes \u00e0 risque, tandis que les jeunes adultes sont encourag\u00e9s \u00e0 vivre presque normalement pour \u00e9viter les \u00e9normes dommages collat\u00e9raux li\u00e9s au confinement. C\u2019est comme un avion dans le ciel : quelle que soit la strat\u00e9gie utilis\u00e9e par les pilotes, la gravit\u00e9 fera en sorte que l\u2019avion finisse par atteindre le sol, et l\u2019objectif n\u2019est pas la gravit\u00e9 mais de le faire atterrir avec un minimum de pertes humaines.<\/p>\n<p><a href=\"https:\/\/www.lefigaro.fr\/vox\/politique\/dr-martin-kulldorff-les-confinements-produisent-des-effets-devastateurs-sur-la-sante-publique-a-court-et-long-terme-20201127\" target=\"_blank\" rel=\"noopener noreferrer\">Continuer la lecture sur Le Figaro \u2192<\/a><\/p>\n","protected":false},"excerpt":{"rendered":"<p>[Note de l&#8217;administrateur de ce blog : ce n&#8217;est pas pour rien que le confinement g\u00e9n\u00e9ralis\u00e9 d&#8217;une population n&#8217;a jamais, dans l&#8217;histoire de l&#8217;humanit\u00e9, \u00e9t\u00e9 utilis\u00e9 pour lutter contre une \u00e9pid\u00e9mie. Seules des quarantaines ont \u00e9t\u00e9 instaur\u00e9es pour des personnes malades, ou susceptibles de l&#8217;\u00eatre, lorsqu&#8217;on identifie le foyer d&#8217;une \u00e9pid\u00e9mie \u00e0 son d\u00e9but (comme [&hellip;]<\/p>\n","protected":false},"author":1,"featured_media":0,"comment_status":"open","ping_status":"open","sticky":false,"template":"","format":"standard","meta":[],"categories":[4,3,29,6],"tags":[1561,1542,2087,2086,2085,1880,1546],"_links":{"self":[{"href":"https:\/\/aitia.fr\/erd\/wp-json\/wp\/v2\/posts\/16957"}],"collection":[{"href":"https:\/\/aitia.fr\/erd\/wp-json\/wp\/v2\/posts"}],"about":[{"href":"https:\/\/aitia.fr\/erd\/wp-json\/wp\/v2\/types\/post"}],"author":[{"embeddable":true,"href":"https:\/\/aitia.fr\/erd\/wp-json\/wp\/v2\/users\/1"}],"replies":[{"embeddable":true,"href":"https:\/\/aitia.fr\/erd\/wp-json\/wp\/v2\/comments?post=16957"}],"version-history":[{"count":14,"href":"https:\/\/aitia.fr\/erd\/wp-json\/wp\/v2\/posts\/16957\/revisions"}],"predecessor-version":[{"id":16973,"href":"https:\/\/aitia.fr\/erd\/wp-json\/wp\/v2\/posts\/16957\/revisions\/16973"}],"wp:attachment":[{"href":"https:\/\/aitia.fr\/erd\/wp-json\/wp\/v2\/media?parent=16957"}],"wp:term":[{"taxonomy":"category","embeddable":true,"href":"https:\/\/aitia.fr\/erd\/wp-json\/wp\/v2\/categories?post=16957"},{"taxonomy":"post_tag","embeddable":true,"href":"https:\/\/aitia.fr\/erd\/wp-json\/wp\/v2\/tags?post=16957"}],"curies":[{"name":"wp","href":"https:\/\/api.w.org\/{rel}","templated":true}]}}