{"id":16936,"date":"2020-11-28T21:38:22","date_gmt":"2020-11-28T20:38:22","guid":{"rendered":"https:\/\/aitia.fr\/erd\/?p=16936"},"modified":"2020-11-30T21:37:00","modified_gmt":"2020-11-30T20:37:00","slug":"ethique-de-la-covid-19-vers-un-nouveau-nuremberg-france-soir","status":"publish","type":"post","link":"https:\/\/aitia.fr\/erd\/ethique-de-la-covid-19-vers-un-nouveau-nuremberg-france-soir\/","title":{"rendered":"\u00c9thique de la Covid-19. Vers un nouveau Nuremberg ? (France Soir)"},"content":{"rendered":"<p style=\"text-align: justify;\"><img decoding=\"async\" loading=\"lazy\" class=\"alignleft wp-image-16940\" src=\"https:\/\/aitia.fr\/erd\/wp-content\/uploads\/2020\/11\/Defendants_in_the_dock_at_nuremberg_trials-300x240.jpg\" alt=\"\" width=\"400\" height=\"320\" srcset=\"https:\/\/aitia.fr\/erd\/wp-content\/uploads\/2020\/11\/Defendants_in_the_dock_at_nuremberg_trials-300x240.jpg 300w, https:\/\/aitia.fr\/erd\/wp-content\/uploads\/2020\/11\/Defendants_in_the_dock_at_nuremberg_trials.jpg 500w\" sizes=\"(max-width: 400px) 100vw, 400px\" \/>[<em>Note de l&#8217;administrateur de ce blog : le proc\u00e8s de Nuremberg fut critiquable sur de nombreux aspects, d\u00e9j\u00e0 parce qu&#8217;il se voulait, selon les propres mots de son procureur <a href=\"https:\/\/fr.wikipedia.org\/wiki\/Robert_Jackson\" target=\"_blank\" rel=\"noopener noreferrer\">Robert Jackson<\/a>, &#8220;une continuation de l&#8217;effort de guerre des Alli\u00e9s&#8221;<\/em><span id='easy-footnote-1-16936' class='easy-footnote-margin-adjust'><\/span><span class='easy-footnote'><a href='https:\/\/aitia.fr\/erd\/ethique-de-la-covid-19-vers-un-nouveau-nuremberg-france-soir\/#easy-footnote-bottom-1-16936' title='&lt;a href=&quot;https:\/\/web.archive.org\/web\/20190304200757\/http:\/\/law2.umkc.edu:80\/faculty\/projects\/ftrials\/nuremberg\/Jacksonclose.htm&quot; target=&quot;_blank&quot; rel=&quot;noopener noreferrer&quot;&gt;&amp;#8220;As a military tribunal, this Tribunal is a continuation of the war effort of the Allied nations.&amp;#8221;&lt;\/a&gt;'><sup>1<\/sup><\/a><\/span>, <em>un but difficilement conciliable avec une justice \u00e9quitable. Il eut d&#8217;ailleurs l&#8217;honn\u00eatet\u00e9 de reconna\u00eetre ses faiblesses, notamment <a href=\"https:\/\/perspective.usherbrooke.ca\/bilan\/servlet\/BMDictionnaire?iddictionnaire=1658\" target=\"_blank\" rel=\"noopener noreferrer\">par ses articles 19, 20 et 21<\/a> avertissant qu&#8217;il s&#8217;affranchissait all\u00e8grement des r\u00e8gles commun\u00e9ment admises pour la v\u00e9rification des faits.<\/em><\/p>\n<p style=\"text-align: justify;\"><em>Toutefois il donna l&#8217;occasion, dans un esprit plus universaliste, d&#8217;\u00e9tablir des r\u00e8gles de conduite dont personne aujourd&#8217;hui ne songerait \u00e0 discuter le bien-fond\u00e9, afin d&#8217;\u00e9viter que se reproduisent des actes particuli\u00e8rement cruels envers les personnes, ou au moins pr\u00e9venir ceux qui seraient tent\u00e9s d&#8217;en arriver l\u00e0 qu&#8217;ils seraient lourdement ch\u00e2ti\u00e9s. C&#8217;est ainsi que naquit le <a href=\"https:\/\/fr.wikipedia.org\/wiki\/Code_de_Nuremberg\" target=\"_blank\" rel=\"noopener noreferrer\">Code de Nuremberg<\/a> d\u00e9finissant les conditions consid\u00e9r\u00e9es comme acceptables pour les exp\u00e9riences sur les \u00eatres humains&#8230; un code que chacun devrait avoir en t\u00eate aujourd&#8217;hui.<\/em><span id='easy-footnote-2-16936' class='easy-footnote-margin-adjust'><\/span><span class='easy-footnote'><a href='https:\/\/aitia.fr\/erd\/ethique-de-la-covid-19-vers-un-nouveau-nuremberg-france-soir\/#easy-footnote-bottom-2-16936' title='Et en particulier, pour les illumin\u00e9s de la vaccination obligatoire, le crit\u00e8re n\u00b02 : &lt;em&gt;&amp;#8220;L\u2019exp\u00e9rience doit \u00eatre telle qu\u2019elle produise des r\u00e9sultats avantageux pour le bien de la soci\u00e9t\u00e9, impossibles \u00e0 obtenir par d\u2019autres m\u00e9thodes ou moyens d\u2019\u00e9tude, et pas al\u00e9atoires ou superflus par nature.&amp;#8221;&lt;\/em&gt;'><sup>2<\/sup><\/a><\/span>]<\/p>\n<hr \/>\n<p style=\"text-align: justify;\">Comme l\u2019a peut-\u00eatre le mieux formul\u00e9 Jean Paul Sartre, et d\u2019autres philosophes avant comme Pic de la Mirandole, et comme le sugg\u00e8rent certains mythes antiques tel celui de Prom\u00e9th\u00e9e, l\u2019homme est un \u00eatre singulier, une cr\u00e9ature libre, dont l\u2019existence pr\u00e9c\u00e8de l\u2019essence, un \u00eatre pouvant s\u2019affranchir des lois de la Nature.<\/p>\n<p><strong>L\u2019Homme libre,\u00a0 prot\u00e9geant le plus faible\u00a0: <\/strong><\/p>\n<p style=\"text-align: justify;\">Dans l\u2019homme r\u00e9side une \u00e9tincelle divine, une lumi\u00e8re spirituelle transcendante en gestation, mais aussi un c\u00f4t\u00e9 obscur, celui des mauvaises inclinations et de la cupidit\u00e9.<\/p>\n<blockquote><p><em>\u00ab\u00a0Dieu et le diable se battent l\u00e0-bas et le champ de bataille est le c\u0153ur des hommes<\/em>.\u00a0\u00bb<\/p>\n<p>Dosto\u00efevski<\/p><\/blockquote>\n<p><\/p>\n<p style=\"text-align: justify;\">Ainsi, contre toute loi naturelle, \u00e0 rebours des principes \u00e9volutifs darwiniens, myst\u00e9rieusement port\u00e9 par un \u00e9lan \u00e9thique, l\u2019homme a un jour d\u00e9cid\u00e9 de faire croitre sa lumi\u00e8re : prot\u00e9ger le faible contre le plus fort ; protection des personnes \u00e2g\u00e9es, syst\u00e8me des retraites fond\u00e9 sur la solidarit\u00e9, assurance ch\u00f4mage, s\u00e9curit\u00e9 sociale permettant le soin, lois prot\u00e9geant les personnes handicap\u00e9es, tout ceci quels qu\u2019en soient les couts et sans consid\u00e9ration pour les \u201dpertes\u201d mat\u00e9rielles et financi\u00e8res. L\u2019Etat est garant du principe d\u2019amour s\u00e9culaire et universel <em>\u201c<\/em><em>ne fais pas \u00e0 autrui<\/em><em>\u00a0ce que tu ne voudrais pas qu&#8217;il te fasse<\/em><em>\u201d.<\/em><\/p>\n<p style=\"text-align: justify;\">Quelle soci\u00e9t\u00e9 avant la n\u00f4tre s\u2019est-elle pourvue de tels syst\u00e8mes de protection ? Il semblerait qu\u2019en 2020, l\u2019\u00e9pid\u00e9mie de la COVID-19 ait rapidement fait s\u2019effriter ce temple de bienveillance et d\u2019altruisme que les g\u00e9n\u00e9ration qui nous ont pr\u00e9c\u00e9d\u00e9s ont mis tant de temps \u00e0 b\u00e2tir, et que l\u2019on a peine \u00e0 reconna\u00eetre.<\/p>\n<p><a href=\"http:\/\/www.francesoir.fr\/societe-sante\/ethique-de-la-covid-19-vers-un-nouveau-nuremberg\" target=\"_blank\" rel=\"noopener noreferrer\">Continuer la lecture sur France Soir \u2192<\/a><\/p>\n","protected":false},"excerpt":{"rendered":"<p>[Note de l&#8217;administrateur de ce blog : le proc\u00e8s de Nuremberg fut critiquable sur de nombreux aspects, d\u00e9j\u00e0 parce qu&#8217;il se voulait, selon les propres mots de son procureur Robert Jackson, &#8220;une continuation de l&#8217;effort de guerre des Alli\u00e9s&#8221;, un but difficilement conciliable avec une justice \u00e9quitable. Il eut d&#8217;ailleurs l&#8217;honn\u00eatet\u00e9 de reconna\u00eetre ses faiblesses, [&hellip;]<\/p>\n","protected":false},"author":1,"featured_media":0,"comment_status":"open","ping_status":"open","sticky":false,"template":"","format":"standard","meta":[],"categories":[134,3],"tags":[1542,2082,331,739,1761,2081,2084,2083],"_links":{"self":[{"href":"https:\/\/aitia.fr\/erd\/wp-json\/wp\/v2\/posts\/16936"}],"collection":[{"href":"https:\/\/aitia.fr\/erd\/wp-json\/wp\/v2\/posts"}],"about":[{"href":"https:\/\/aitia.fr\/erd\/wp-json\/wp\/v2\/types\/post"}],"author":[{"embeddable":true,"href":"https:\/\/aitia.fr\/erd\/wp-json\/wp\/v2\/users\/1"}],"replies":[{"embeddable":true,"href":"https:\/\/aitia.fr\/erd\/wp-json\/wp\/v2\/comments?post=16936"}],"version-history":[{"count":11,"href":"https:\/\/aitia.fr\/erd\/wp-json\/wp\/v2\/posts\/16936\/revisions"}],"predecessor-version":[{"id":16948,"href":"https:\/\/aitia.fr\/erd\/wp-json\/wp\/v2\/posts\/16936\/revisions\/16948"}],"wp:attachment":[{"href":"https:\/\/aitia.fr\/erd\/wp-json\/wp\/v2\/media?parent=16936"}],"wp:term":[{"taxonomy":"category","embeddable":true,"href":"https:\/\/aitia.fr\/erd\/wp-json\/wp\/v2\/categories?post=16936"},{"taxonomy":"post_tag","embeddable":true,"href":"https:\/\/aitia.fr\/erd\/wp-json\/wp\/v2\/tags?post=16936"}],"curies":[{"name":"wp","href":"https:\/\/api.w.org\/{rel}","templated":true}]}}