{"id":16882,"date":"2020-11-25T11:35:16","date_gmt":"2020-11-25T10:35:16","guid":{"rendered":"https:\/\/aitia.fr\/erd\/?p=16882"},"modified":"2020-11-27T11:21:25","modified_gmt":"2020-11-27T10:21:25","slug":"note-dexpertise-grand-public-sur-les-vaccins-ayant-recours-aux-technologies-ogm-dr-christian-velot-criigen","status":"publish","type":"post","link":"https:\/\/aitia.fr\/erd\/note-dexpertise-grand-public-sur-les-vaccins-ayant-recours-aux-technologies-ogm-dr-christian-velot-criigen\/","title":{"rendered":"Note d&#8217;expertise grand public sur les vaccins ayant recours aux technologies OGM (Dr Christian V\u00e9lot, CRIIGEN)"},"content":{"rendered":"<p style=\"text-align: justify;\"><a href=\"https:\/\/aitia.fr\/erd\/?attachment_id=16887\" target=\"_blank\" rel=\"noopener noreferrer\"><img decoding=\"async\" loading=\"lazy\" class=\"alignleft wp-image-16887\" src=\"https:\/\/aitia.fr\/erd\/wp-content\/uploads\/2020\/11\/course-aux-vaccins-300x284.jpg\" alt=\"\" width=\"400\" height=\"379\" srcset=\"https:\/\/aitia.fr\/erd\/wp-content\/uploads\/2020\/11\/course-aux-vaccins-300x284.jpg 300w, https:\/\/aitia.fr\/erd\/wp-content\/uploads\/2020\/11\/course-aux-vaccins-600x569.jpg 600w, https:\/\/aitia.fr\/erd\/wp-content\/uploads\/2020\/11\/course-aux-vaccins.jpg 748w\" sizes=\"(max-width: 400px) 100vw, 400px\" \/><\/a>[<em>Note de l&#8217;administrateur de ce blog : au moment o\u00f9 toutes les &#8220;instances sanitaires&#8221; vous expliquent que rien ne pourra revenir \u00e0 la normale sans vaccination massive, et o\u00f9 les annonces tonitruantes des diff\u00e9rents laboratoires se succ\u00e8dent au m\u00e9pris des r\u00e8gles les plus \u00e9l\u00e9mentaires de la prudence scientifique, il est bon de revenir aux fondamentaux et de faire l&#8217;effort de s&#8217;informer de fa\u00e7on objective.<\/em><\/p>\n<p style=\"text-align: justify;\"><em>J&#8217;avais d\u00e9j\u00e0 rappel\u00e9 ici, via <a href=\"https:\/\/aitia.fr\/erd\/vaccins-point-de-vue-dun-vaccinologue\/\" target=\"_blank\" rel=\"noopener noreferrer\">un cours de vaccinologie<\/a> adress\u00e9 \u00e0 des m\u00e9decins, que la science vaccinale \u00e9tait loin, dans la r\u00e9alit\u00e9, de la haute technologie parfaitement ma\u00eetris\u00e9e pr\u00e9sent\u00e9e dans les discours m\u00e9diatiques et les brochures sur papier glac\u00e9 des laboratoires. J&#8217;avais \u00e9galement relat\u00e9 <a href=\"https:\/\/aitia.fr\/erd\/toxic-story\/\" target=\"_blank\" rel=\"noopener noreferrer\">tous les obstacles rencontr\u00e9s<\/a> par un grand chercheur fran\u00e7ais pour faire reconna\u00eetre ses travaux, dont il pensait na\u00efvement qu&#8217;ils seraient accueillis avec enthousiasme, lorsqu&#8217;il avait \u00e9lucid\u00e9 le m\u00e9canisme qui produisait chez certaines personnes de graves effets secondaires \u00e0 cause de l&#8217;aluminium contenu dans beaucoup de vaccins.<\/em><\/p>\n<p style=\"text-align: justify;\"><em>Ceci devrait d\u00e9j\u00e0 conduire \u00e0 la plus extr\u00eame prudence lorsqu&#8217;on parle de vacciner en masse une population au moyen de vaccins d\u00e9velopp\u00e9s en quelques mois, alors que l&#8217;\u00e9chelle de temps habituelle pour de telles d\u00e9couvertes est plut\u00f4t la d\u00e9cennie. Mais lorsqu&#8217;il s&#8217;agit d&#8217;une technologie enti\u00e8rement nouvelle&#8230; le but recherch\u00e9 est-il vraiment la sant\u00e9 humaine ? Surtout lorsqu&#8217;il s&#8217;agit d&#8217;une maladie \u00e0 la mortalit\u00e9 tr\u00e8s faible<\/em><span id='easy-footnote-1-16882' class='easy-footnote-margin-adjust'><\/span><span class='easy-footnote'><a href='https:\/\/aitia.fr\/erd\/note-dexpertise-grand-public-sur-les-vaccins-ayant-recours-aux-technologies-ogm-dr-christian-velot-criigen\/#easy-footnote-bottom-1-16882' title='Selon une publication de l&amp;#8217;administration f\u00e9d\u00e9rale des &lt;em&gt;Centers for Disease Control and Prevention&lt;\/em&gt; aux USA (le 10 septembre 2020, &lt;a href=&quot;https:\/\/www.cdc.gov\/coronavirus\/2019-ncov\/hcp\/planning-scenarios.html&quot; target=&quot;_blank&quot; rel=&quot;noopener noreferrer&quot;&gt;voir tableau 1&lt;\/a&gt;), le taux de l\u00e9talit\u00e9 (&lt;em&gt;Infection Fatality Rate&lt;\/em&gt;) de la COVID-19, c&amp;#8217;est-\u00e0-dire le nombre de morts rapport\u00e9 au nombre total d&amp;#8217;individus infect\u00e9s par le virus SARS-CoV-2, est de 0,003 % de 0 \u00e0 19 ans, de 0,02 % de 20 \u00e0 49 ans, de 0,5 % de 50 \u00e0 69 ans et de 5,4 % de 70 \u00e0 80 ans. Comme je l&amp;#8217;avais d\u00e9j\u00e0 signal\u00e9 &lt;a href=&quot;https:\/\/aitia.fr\/erd\/jeune-en-pleine-sante-et-decede-de-la-covid-19-ce-que-les-media-ne-vous-disent-pas\/&quot; target=&quot;_blank&quot; rel=&quot;noopener noreferrer&quot;&gt;\u00e0 la fin de cet article&lt;\/a&gt;, on pourra comparer ces taux \u00e0 ceux de maladies connues pour se faire une id\u00e9e.'><sup>1<\/sup><\/a><\/span><em> et pour laquelle il existe <a href=\"https:\/\/www.youtube.com\/watch?v=NIAosseY4fg\" target=\"_blank\" rel=\"noopener noreferrer\">des traitements \u00e9prouv\u00e9s et peu chers<\/a> ?<\/em><\/p>\n<p style=\"text-align: justify;\"><em>Mais peut-\u00eatre est-ce justement l\u00e0 le &#8220;probl\u00e8me&#8221;&#8230;<\/em>]<\/p>\n<hr \/>\n<p style=\"text-align: justify;\">Le r\u00e8glement europ\u00e9en 2020\/1043 vient modifier la r\u00e8glementation OGM. Il permet \u00e0 tout essai clinique de m\u00e9dicaments contenant des OGM, ou consistant en de tels organismes destin\u00e9s \u00e0 traiter ou \u00e0 pr\u00e9venir la Covid-19, d\u2019\u00e9chapper aux \u00e9valuations pr\u00e9alables sur la sant\u00e9 et l\u2019environnement. Six associations et groupes de citoyens, repr\u00e9sent\u00e9s par Maitre TUMERELLE, ont d\u00e9pos\u00e9 un recours en annulation de ce r\u00e8glement. En appui \u00e0 cette proc\u00e9dure, le Dr V\u00c9LOT, g\u00e9n\u00e9ticien mol\u00e9culaire \u00e0 l\u2019Universit\u00e9-Paris-Saclay et Pr\u00e9sident du Conseil scientifique du CRIIGEN, a r\u00e9dig\u00e9 un rapport d\u2019expertise grand public sur les risques sanitaires et environnementaux que peuvent pr\u00e9senter les candidats vaccins contre la Covid-19 actuellement en cours d\u2019essais cliniques. Il montre ainsi en quoi ce r\u00e8glement europ\u00e9en est dangereux. Nous tenons \u00e0 pr\u00e9ciser qu\u2019il ne s\u2019agit l\u00e0 d\u2019aucune prise de position anti ou pro-vaccinale, mais simplement d\u2019une analyse objective des risques en fonction des diff\u00e9rents types de vaccins \u00e0 l\u2019\u00e9tude. Au regard d\u2019une future campagne de vaccination qui se veut massive et mondiale, une telle carence d\u2019\u00e9valuation est en total d\u00e9saccord avec le principe de pr\u00e9caution qui devrait s\u2019imposer en termes de sant\u00e9 publique.<\/p>\n<p><a href=\"https:\/\/criigen.org\/wp-content\/uploads\/2020\/10\/2020-09_Note-dExpertise-Vaccins-GM_C.Ve%CC%81lot-02_Traite-02.pdf\" target=\"_blank\" rel=\"noopener noreferrer\">T\u00e9l\u00e9charger le rapport<\/a> (10 pages + r\u00e9f\u00e9rences bibliographiques) sur le site du <a href=\"https:\/\/criigen.org\/\" target=\"_blank\" rel=\"noopener noreferrer\">CRIIGEN<\/a>.<\/p>\n","protected":false},"excerpt":{"rendered":"<p>[Note de l&#8217;administrateur de ce blog : au moment o\u00f9 toutes les &#8220;instances sanitaires&#8221; vous expliquent que rien ne pourra revenir \u00e0 la normale sans vaccination massive, et o\u00f9 les annonces tonitruantes des diff\u00e9rents laboratoires se succ\u00e8dent au m\u00e9pris des r\u00e8gles les plus \u00e9l\u00e9mentaires de la prudence scientifique, il est bon de revenir aux fondamentaux [&hellip;]<\/p>\n","protected":false},"author":1,"featured_media":0,"comment_status":"open","ping_status":"open","sticky":false,"template":"","format":"standard","meta":[],"categories":[134,3,29,6],"tags":[1802,2070,1542,2069,1219,1799,1833,2071,852,2072],"_links":{"self":[{"href":"https:\/\/aitia.fr\/erd\/wp-json\/wp\/v2\/posts\/16882"}],"collection":[{"href":"https:\/\/aitia.fr\/erd\/wp-json\/wp\/v2\/posts"}],"about":[{"href":"https:\/\/aitia.fr\/erd\/wp-json\/wp\/v2\/types\/post"}],"author":[{"embeddable":true,"href":"https:\/\/aitia.fr\/erd\/wp-json\/wp\/v2\/users\/1"}],"replies":[{"embeddable":true,"href":"https:\/\/aitia.fr\/erd\/wp-json\/wp\/v2\/comments?post=16882"}],"version-history":[{"count":12,"href":"https:\/\/aitia.fr\/erd\/wp-json\/wp\/v2\/posts\/16882\/revisions"}],"predecessor-version":[{"id":16896,"href":"https:\/\/aitia.fr\/erd\/wp-json\/wp\/v2\/posts\/16882\/revisions\/16896"}],"wp:attachment":[{"href":"https:\/\/aitia.fr\/erd\/wp-json\/wp\/v2\/media?parent=16882"}],"wp:term":[{"taxonomy":"category","embeddable":true,"href":"https:\/\/aitia.fr\/erd\/wp-json\/wp\/v2\/categories?post=16882"},{"taxonomy":"post_tag","embeddable":true,"href":"https:\/\/aitia.fr\/erd\/wp-json\/wp\/v2\/tags?post=16882"}],"curies":[{"name":"wp","href":"https:\/\/api.w.org\/{rel}","templated":true}]}}