{"id":16759,"date":"2020-11-18T21:49:41","date_gmt":"2020-11-18T20:49:41","guid":{"rendered":"https:\/\/aitia.fr\/erd\/?p=16759"},"modified":"2020-11-19T09:28:02","modified_gmt":"2020-11-19T08:28:02","slug":"covid-19-des-decisions-delirantes-pour-nous-faire-accepter-quoi-upr","status":"publish","type":"post","link":"https:\/\/aitia.fr\/erd\/covid-19-des-decisions-delirantes-pour-nous-faire-accepter-quoi-upr\/","title":{"rendered":"Covid-19 : des d\u00e9cisions d\u00e9lirantes pour nous faire accepter quoi ? (UPR)"},"content":{"rendered":"<p style=\"text-align: justify;\">[<em>Note de l&#8217;administrateur de ce blog : Fran\u00e7ois Asselineau a r\u00e9alis\u00e9 un score de 0,92\u202f% \u00e0 la derni\u00e8re \u00e9lection pr\u00e9sidentielle. Vu qu&#8217;il est \u00e0 peu pr\u00e8s le seul dirigeant politique \u00e0 tenir des propos sur la crise &#8220;sanitaire&#8221; \u00e0 la hauteur des d\u00e9lires constat\u00e9s, doit-on en d\u00e9duire que la France est d\u00e9mocratique \u00e0 0,92\u202f%\u202f?<\/em>]<\/p>\n<hr \/>\n<p style=\"text-align: center;\"><iframe loading=\"lazy\" src=\"https:\/\/www.youtube.com\/embed\/CM9m-Gb3vXU\" width=\"640\" height=\"360\" frameborder=\"0\" allowfullscreen=\"allowfullscreen\"><span style=\"display: inline-block; width: 0px; overflow: hidden; line-height: 0;\" data-mce-type=\"bookmark\" class=\"mce_SELRES_start\">\ufeff<\/span><\/iframe><\/p>\n<p style=\"text-align: justify;\">Covid-\u00e9nigme : Fran\u00e7ois Asselineau nous fait prendre du recul sur la r\u00e9alit\u00e9 d\u00e9lirante \u00e0 l\u2019\u0153uvre dans nos vies quotidiennes. Il s\u2019interroge sur les raisons de ces d\u00e9cisions, prises en pleine pand\u00e9mie du coronavirus, au pr\u00e9texte de lutter contre une crise sanitaire, et qui s\u2019av\u00e8rent toutes plus ineptes les unes que les autres. Enfin il propose une explication : ne cherche-t-on pas \u00e0 nous faire accepter l\u2019inacceptable ?<\/p>\n<p><a href=\"https:\/\/www.upr.fr\/actualite\/covid-19-decisions-delirantes-accepter-l-inacceptable\/\" target=\"_blank\" rel=\"noopener noreferrer\">Continuer la lecture sur le site de l&#8217;UPR \u2192<\/a><\/p>\n","protected":false},"excerpt":{"rendered":"<p>[Note de l&#8217;administrateur de ce blog : Fran\u00e7ois Asselineau a r\u00e9alis\u00e9 un score de 0,92\u202f% \u00e0 la derni\u00e8re \u00e9lection pr\u00e9sidentielle. Vu qu&#8217;il est \u00e0 peu pr\u00e8s le seul dirigeant politique \u00e0 tenir des propos sur la crise &#8220;sanitaire&#8221; \u00e0 la hauteur des d\u00e9lires constat\u00e9s, doit-on en d\u00e9duire que la France est d\u00e9mocratique \u00e0 0,92\u202f%\u202f?] \ufeff [&hellip;]<\/p>\n","protected":false},"author":1,"featured_media":0,"comment_status":"open","ping_status":"open","sticky":false,"template":"","format":"video","meta":[],"categories":[134,5,29,6],"tags":[2040,1491,1687,577,31,576,225],"_links":{"self":[{"href":"https:\/\/aitia.fr\/erd\/wp-json\/wp\/v2\/posts\/16759"}],"collection":[{"href":"https:\/\/aitia.fr\/erd\/wp-json\/wp\/v2\/posts"}],"about":[{"href":"https:\/\/aitia.fr\/erd\/wp-json\/wp\/v2\/types\/post"}],"author":[{"embeddable":true,"href":"https:\/\/aitia.fr\/erd\/wp-json\/wp\/v2\/users\/1"}],"replies":[{"embeddable":true,"href":"https:\/\/aitia.fr\/erd\/wp-json\/wp\/v2\/comments?post=16759"}],"version-history":[{"count":1,"href":"https:\/\/aitia.fr\/erd\/wp-json\/wp\/v2\/posts\/16759\/revisions"}],"predecessor-version":[{"id":16760,"href":"https:\/\/aitia.fr\/erd\/wp-json\/wp\/v2\/posts\/16759\/revisions\/16760"}],"wp:attachment":[{"href":"https:\/\/aitia.fr\/erd\/wp-json\/wp\/v2\/media?parent=16759"}],"wp:term":[{"taxonomy":"category","embeddable":true,"href":"https:\/\/aitia.fr\/erd\/wp-json\/wp\/v2\/categories?post=16759"},{"taxonomy":"post_tag","embeddable":true,"href":"https:\/\/aitia.fr\/erd\/wp-json\/wp\/v2\/tags?post=16759"}],"curies":[{"name":"wp","href":"https:\/\/api.w.org\/{rel}","templated":true}]}}