{"id":16709,"date":"2020-11-16T22:47:11","date_gmt":"2020-11-16T21:47:11","guid":{"rendered":"https:\/\/aitia.fr\/erd\/?p=16709"},"modified":"2020-11-18T12:03:56","modified_gmt":"2020-11-18T11:03:56","slug":"leipzig-allemagne-7-novembre-2020","status":"publish","type":"post","link":"https:\/\/aitia.fr\/erd\/leipzig-allemagne-7-novembre-2020\/","title":{"rendered":"Leipzig (Allemagne), 7 novembre 2020"},"content":{"rendered":"<p style=\"text-align: justify;\">[<em>Note de l&#8217;administrateur de ce blog\u202f: pour avoir v\u00e9cu (il y a longtemps) en Allemagne, je peux attester que les Allemands ont une conscience aigu\u00eb de ce qu&#8217;est le totalitarisme, sans doute \u00e0 cause de leur histoire particuli\u00e8re. Les Fran\u00e7ais n&#8217;ont-ils pas suffisamment souffert ?<\/em><\/p>\n<p style=\"text-align: justify;\"><em><strong>Mise \u00e0 jour du 17 novembre :<\/strong> et une vid\u00e9o de plus, du 16 novembre, \u00e0 Kempten. Bravo les Allemands\u202f!<\/em>]<\/p>\n<hr \/>\n<blockquote class=\"twitter-tweet\" data-width=\"550\" data-dnt=\"true\">\n<p lang=\"fr\" dir=\"ltr\">Face \u00e0 la d\u00e9sinformation de nos m\u00e9dias, je vous remets la manifestation monstre de la semaine derni\u00e8re \u00e0 Leipzig en Allemagne : Pas de masque, pas de distanciation, Saucisses, Bi\u00e8res, Flics sympas ! Pas de Cluster une semaine apr\u00e8s ! <a href=\"https:\/\/twitter.com\/hashtag\/StopMensongesM%C3%A9dias?src=hash&amp;ref_src=twsrc%5Etfw\">#StopMensongesM\u00e9dias<\/a> ! <a href=\"https:\/\/t.co\/PKCAhiL3Nl\">pic.twitter.com\/PKCAhiL3Nl<\/a><\/p>\n<p>&mdash; SILVANO (@silvano_trotta) <a href=\"https:\/\/twitter.com\/silvano_trotta\/status\/1328284329504612354?ref_src=twsrc%5Etfw\">November 16, 2020<\/a><\/p><\/blockquote>\n<p><script async src=\"https:\/\/platform.twitter.com\/widgets.js\" charset=\"utf-8\"><\/script><\/p>\n<p style=\"text-align: justify;\">Et une petite vid\u00e9o de plus, du 16 novembre \u00e0 <a href=\"https:\/\/fr.wikipedia.org\/wiki\/Kempten_(Allg%C3%A4u)\" target=\"_blank\" rel=\"noopener noreferrer\">Kempten<\/a> (Bavi\u00e8re) cette fois :<\/p>\n<blockquote class=\"twitter-tweet\" data-width=\"550\" data-dnt=\"true\">\n<p lang=\"in\" dir=\"ltr\">Live in Kempten <a href=\"https:\/\/t.co\/xqxR2VIgMS\">pic.twitter.com\/xqxR2VIgMS<\/a><\/p>\n<p>&mdash; Petrus (@Satisfaction778) <a href=\"https:\/\/twitter.com\/Satisfaction778\/status\/1328444701763047427?ref_src=twsrc%5Etfw\">November 16, 2020<\/a><\/p><\/blockquote>\n<p><script async src=\"https:\/\/platform.twitter.com\/widgets.js\" charset=\"utf-8\"><\/script><\/p>\n<p><!--more--><\/p>\n<p style=\"text-align: justify;\">Les citoyens allemands rassembl\u00e9s chantent <a href=\"https:\/\/www.youtube.com\/watch?v=3qgRc5lF-Hg\" target=\"_blank\" rel=\"noopener noreferrer\">le troisi\u00e8me couplet de leur hymne national<\/a>. En voici la traduction (<a href=\"https:\/\/fr.wikipedia.org\/wiki\/Deutschlandlied#Paroles\" target=\"_blank\" rel=\"noopener noreferrer\">source Wikip\u00e9dia<\/a>) :<\/p>\n<blockquote><p><em>Unit\u00e9 et droit et libert\u00e9<\/em><br \/>\n<em>pour la patrie allemande.<\/em><br \/>\n<em>Cela, recherchons-le<\/em><br \/>\n<em>en fr\u00e8res, du c\u0153ur et de la main.<\/em><br \/>\n<em>Unit\u00e9 et droit et libert\u00e9<\/em><br \/>\n<em>sont les fondations du bonheur.<\/em><br \/>\n<em>Fleuris, dans l&#8217;\u00e9clat de ce bonheur,<\/em><br \/>\n<em>Fleuris, patrie allemande\u00a0! (bis)<\/em><\/p><\/blockquote>\n<p><\/p>\n<p style=\"text-align: justify;\">\u00c0 la fin du chant, l&#8217;organisateur remercie la police d&#8217;avoir permis, &#8220;pour la troisi\u00e8me fois, sans probl\u00e8me ni harc\u00e8lement&#8221;, \u00e0 ce rassemblement de se tenir.<\/p>\n","protected":false},"excerpt":{"rendered":"<p>[Note de l&#8217;administrateur de ce blog\u202f: pour avoir v\u00e9cu (il y a longtemps) en Allemagne, je peux attester que les Allemands ont une conscience aigu\u00eb de ce qu&#8217;est le totalitarisme, sans doute \u00e0 cause de leur histoire particuli\u00e8re. Les Fran\u00e7ais n&#8217;ont-ils pas suffisamment souffert ? Mise \u00e0 jour du 17 novembre : et une vid\u00e9o [&hellip;]<\/p>\n","protected":false},"author":1,"featured_media":0,"comment_status":"open","ping_status":"open","sticky":false,"template":"","format":"video","meta":[],"categories":[4,29],"tags":[709,1521,1687,2022,1752,48,1346],"_links":{"self":[{"href":"https:\/\/aitia.fr\/erd\/wp-json\/wp\/v2\/posts\/16709"}],"collection":[{"href":"https:\/\/aitia.fr\/erd\/wp-json\/wp\/v2\/posts"}],"about":[{"href":"https:\/\/aitia.fr\/erd\/wp-json\/wp\/v2\/types\/post"}],"author":[{"embeddable":true,"href":"https:\/\/aitia.fr\/erd\/wp-json\/wp\/v2\/users\/1"}],"replies":[{"embeddable":true,"href":"https:\/\/aitia.fr\/erd\/wp-json\/wp\/v2\/comments?post=16709"}],"version-history":[{"count":8,"href":"https:\/\/aitia.fr\/erd\/wp-json\/wp\/v2\/posts\/16709\/revisions"}],"predecessor-version":[{"id":16725,"href":"https:\/\/aitia.fr\/erd\/wp-json\/wp\/v2\/posts\/16709\/revisions\/16725"}],"wp:attachment":[{"href":"https:\/\/aitia.fr\/erd\/wp-json\/wp\/v2\/media?parent=16709"}],"wp:term":[{"taxonomy":"category","embeddable":true,"href":"https:\/\/aitia.fr\/erd\/wp-json\/wp\/v2\/categories?post=16709"},{"taxonomy":"post_tag","embeddable":true,"href":"https:\/\/aitia.fr\/erd\/wp-json\/wp\/v2\/tags?post=16709"}],"curies":[{"name":"wp","href":"https:\/\/api.w.org\/{rel}","templated":true}]}}