{"id":16673,"date":"2020-11-15T10:03:09","date_gmt":"2020-11-15T09:03:09","guid":{"rendered":"https:\/\/aitia.fr\/erd\/?p=16673"},"modified":"2020-11-15T10:03:09","modified_gmt":"2020-11-15T09:03:09","slug":"elections-aux-usa-lettre-du-general-francais-2s-dominique-delawarde-a-ses-amis","status":"publish","type":"post","link":"https:\/\/aitia.fr\/erd\/elections-aux-usa-lettre-du-general-francais-2s-dominique-delawarde-a-ses-amis\/","title":{"rendered":"\u00c9lections aux USA \u2013 Lettre du g\u00e9n\u00e9ral fran\u00e7ais (2S) Dominique Delawarde \u00e0 ses amis"},"content":{"rendered":"<p style=\"text-align: justify;\"><img decoding=\"async\" loading=\"lazy\" class=\"alignleft wp-image-16688\" src=\"https:\/\/aitia.fr\/erd\/wp-content\/uploads\/2020\/11\/vote-US-2020-300x190.png\" alt=\"\" width=\"450\" height=\"284\" \/>[<em>Note de l&#8217;administrateur de ce blog\u202f: Dominique Delawarde n&#8217;est malheureusement plus qu&#8217;en deuxi\u00e8me section, mais on peut esp\u00e9rer qu&#8217;il existe encore des g\u00e9n\u00e9raux d&#8217;active faisant passer comme lui la r\u00e9alit\u00e9 avant l&#8217;id\u00e9ologie.<\/em>]<\/p>\n<hr \/>\n<p style=\"text-align: justify;\">Mes chers amis,<\/p>\n<p style=\"text-align: justify;\">Nombre d\u2019entre vous m\u2019ont demand\u00e9 quelle \u00e9tait mon opinion sur les \u00e9v\u00e9nements qui se sont d\u00e9roul\u00e9s aux USA entre le 3 novembre et ce jour dans le cadre de l\u2019\u00e9lection pr\u00e9sidentielle am\u00e9ricaine. Ma double casquette d\u2019expert du renseignement et de sp\u00e9cialiste des \u00c9tats-Unis m\u2019a valu de nombreuses questions que je r\u00e9sumerai en deux grandes s\u00e9ries :<\/p>\n<p style=\"text-align: justify;\">1 \u2013 Y-a-t-il eu fraude \u00e9lectorale et l\u2019hypoth\u00e8se d\u2019un coup d\u2019\u00e9tat visant \u00e0 inverser le r\u00e9sultat\u00a0 de l\u2019\u00e9lection est -elle cr\u00e9dible ?<\/p>\n<p style=\"text-align: justify;\">2 \u2013 Si Biden devait \u00eatre \u00e9lu le 8 d\u00e9cembre prochain et intronis\u00e9 le 20 janvier 2021, quelles cons\u00e9quences faudrait-il attendre de sa prise de pouvoir.<\/p>\n<p style=\"text-align: justify;\">Je vais m\u2019efforcer de r\u00e9pondre clairement \u00e0 ces deux questions dans les lignes qui suivent.<\/p>\n<h2>Conflits d\u2019int\u00e9r\u00eat de l\u2019auteur ?<\/h2>\n<p style=\"text-align: justify;\">Il est important pour chacun d\u2019entre vous de savoir, avant d\u2019entamer la lecture de ma lettre, si son auteur a un quelconque conflit d\u2019int\u00e9r\u00eat pouvant orienter son propos sur le sujet trait\u00e9.<\/p>\n<p style=\"text-align: justify;\"><strong>Ma r\u00e9ponse est non. <\/strong>J\u2019ai bien v\u00e9cu aux USA, dans le Kansas, sous administration d\u00e9mocrate (Clinton) entre 1995 et 1998,\u00a0 \u00e9poque dont je garde un excellent souvenir. J\u2019ai effectu\u00e9 de multiples autres s\u00e9jours aux USA, avant et apr\u00e8s cet \u00e9pisode professionnel, pour rendre visite \u00e0 ma nombreuse famille proche qui compte 3 de mes s\u0153urs et 48 de leurs descendants directs, tous\u00a0 citoyens am\u00e9ricains et r\u00e9sidant dans divers \u00e9tats gouvern\u00e9s tant par les d\u00e9mocrates que par les r\u00e9publicains. J\u2019ai visit\u00e9 46 des 50 \u00e9tats de l\u2019Union. La \u00ab Meritorius Service Medal \u00bb US m\u2019a \u00e9t\u00e9 remise \u00e0 l\u2019\u00e9t\u00e9 1998 dans un pays sous leadership d\u00e9mocrate. Je ne suis membre d\u2019aucun des principaux partis politiques fran\u00e7ais (LR, PS, RN, Insoumis, LREM-Modem, EELV).<\/p>\n<p style=\"text-align: justify;\">Si ma s\u00e9v\u00e9rit\u00e9 s\u2019exerce parfois avec v\u00e9h\u00e9mence sur les \u00abgouvernances\u00bb am\u00e9ricaines, d\u00e9mocrates ou r\u00e9publicaines, elle ne s\u2019adresse jamais au peuple am\u00e9ricain qui, comme beaucoup d\u2019autres peuples, est plut\u00f4t g\u00e9n\u00e9reux et sinc\u00e8re, mais na\u00eff et manipul\u00e9.<\/p>\n<p><a href=\"https:\/\/reseauinternational.net\/elections-aux-usa-lettre-du-general-francais-2s-dominique-delawarde-a-ses-amis\/\" target=\"_blank\" rel=\"noopener noreferrer\">Continuer la lecture sur R\u00e9seau International \u2192<\/a><\/p>\n","protected":false},"excerpt":{"rendered":"<p>[Note de l&#8217;administrateur de ce blog\u202f: Dominique Delawarde n&#8217;est malheureusement plus qu&#8217;en deuxi\u00e8me section, mais on peut esp\u00e9rer qu&#8217;il existe encore des g\u00e9n\u00e9raux d&#8217;active faisant passer comme lui la r\u00e9alit\u00e9 avant l&#8217;id\u00e9ologie.] Mes chers amis, Nombre d\u2019entre vous m\u2019ont demand\u00e9 quelle \u00e9tait mon opinion sur les \u00e9v\u00e9nements qui se sont d\u00e9roul\u00e9s aux USA entre le [&hellip;]<\/p>\n","protected":false},"author":1,"featured_media":0,"comment_status":"open","ping_status":"open","sticky":false,"template":"","format":"standard","meta":[],"categories":[4,134],"tags":[2019,2018,460,400,323,156,1999,1852,455,2020],"_links":{"self":[{"href":"https:\/\/aitia.fr\/erd\/wp-json\/wp\/v2\/posts\/16673"}],"collection":[{"href":"https:\/\/aitia.fr\/erd\/wp-json\/wp\/v2\/posts"}],"about":[{"href":"https:\/\/aitia.fr\/erd\/wp-json\/wp\/v2\/types\/post"}],"author":[{"embeddable":true,"href":"https:\/\/aitia.fr\/erd\/wp-json\/wp\/v2\/users\/1"}],"replies":[{"embeddable":true,"href":"https:\/\/aitia.fr\/erd\/wp-json\/wp\/v2\/comments?post=16673"}],"version-history":[{"count":10,"href":"https:\/\/aitia.fr\/erd\/wp-json\/wp\/v2\/posts\/16673\/revisions"}],"predecessor-version":[{"id":16692,"href":"https:\/\/aitia.fr\/erd\/wp-json\/wp\/v2\/posts\/16673\/revisions\/16692"}],"wp:attachment":[{"href":"https:\/\/aitia.fr\/erd\/wp-json\/wp\/v2\/media?parent=16673"}],"wp:term":[{"taxonomy":"category","embeddable":true,"href":"https:\/\/aitia.fr\/erd\/wp-json\/wp\/v2\/categories?post=16673"},{"taxonomy":"post_tag","embeddable":true,"href":"https:\/\/aitia.fr\/erd\/wp-json\/wp\/v2\/tags?post=16673"}],"curies":[{"name":"wp","href":"https:\/\/api.w.org\/{rel}","templated":true}]}}