{"id":16636,"date":"2020-11-13T14:32:37","date_gmt":"2020-11-13T13:32:37","guid":{"rendered":"https:\/\/aitia.fr\/erd\/?p=16636"},"modified":"2020-11-13T14:32:37","modified_gmt":"2020-11-13T13:32:37","slug":"lhorreur-eugeniste-nazie-de-retour-dans-les-allees-du-pouvoir-macronien-upr","status":"publish","type":"post","link":"https:\/\/aitia.fr\/erd\/lhorreur-eugeniste-nazie-de-retour-dans-les-allees-du-pouvoir-macronien-upr\/","title":{"rendered":"L\u2019horreur eug\u00e9niste nazie de retour dans les all\u00e9es <br>du pouvoir macronien ? (UPR)"},"content":{"rendered":"<p style=\"text-align: justify;\">[<em>Note de l&#8217;administrateur de ce blog : cet article date du 7 ao\u00fbt 2019, mais reste d&#8217;une br\u00fblante actualit\u00e9.<\/em><\/p>\n<p style=\"text-align: justify;\"><em> Le transhumaniste auquel Laurent Alexandre fait souvent r\u00e9f\u00e9rence dans sa pr\u00e9sentation \u2013 en faisant mine de le critiquer \u2013 est <a href=\"https:\/\/fr.wikipedia.org\/wiki\/Yuval_Noah_Harari\" target=\"_blank\" rel=\"noopener noreferrer\">Yuval Noah Harari<\/a>, un historien isra\u00e9lien. Quand on conna\u00eet les tr\u00e8s fortes ressemblances entre <a href=\"https:\/\/aitia.fr\/erd\/quelques-rappels\/\" target=\"_blank\" rel=\"noopener noreferrer\">le sionisme et le nazisme<\/a>, deux id\u00e9ologies supr\u00e9macistes justifiant la domination d&#8217;une &#8220;race sup\u00e9rieure&#8221; sur les autres, on se dit que c&#8217;est relativement logique.<\/em>]<\/p>\n<hr \/>\n<p style=\"text-align: justify;\">Chirurgien-urologue, transhumaniste convaincu, essayiste et entrepreneur fran\u00e7ais, cofondateur avec Claude Malhuret du site web Doctissimo (qu\u2019il a revendu 139 millions d\u2019euros, dont la moiti\u00e9 pour lui), Laurent Alexandre est un influent soutien de Macron et un proche de Jacques Attali et d\u2019Alain Madelin.<\/p>\n<p style=\"text-align: justify;\">Membre du Si\u00e8cle, chroniqueur au Monde, \u00e0 l\u2019Express et au Huffington Post, il poss\u00e8de 28 % du journal la Tribune.<\/p>\n<p style=\"text-align: center;\"><iframe loading=\"lazy\" src=\"https:\/\/www.youtube.com\/embed\/kyLysKUMyyU\" width=\"640\" height=\"360\" frameborder=\"0\" allowfullscreen=\"allowfullscreen\"><\/iframe><\/p>\n<p style=\"text-align: justify;\">Lors d\u2019une conf\u00e9rence en janvier 2019 devant les \u00e9l\u00e8ves de l\u2019\u00e9cole Polytechnique, cet homme, influent dans les all\u00e9es du pouvoir et dans les m\u00e9dias, a carr\u00e9ment affirm\u00e9 que les Gilets jaunes sont des \u00ab INUTILES \u00bb, des \u00eatres intellectuellement inf\u00e9rieurs, incapables de comprendre les enjeux du monde actuel.<\/p>\n<p style=\"text-align: justify;\">Avec un ton de pr\u00e9dicateur d\u2019Apocalypse, il a affirm\u00e9 en m\u00eame temps que les \u00e9l\u00e8ves des grandes \u00e9coles \u2013 dont les jeunes polytechniciens venus l\u2019\u00e9couter \u2013 sont des \u00ab DIEUX \u00bb, qui ont vocation \u00e0 diriger les masses et \u00e0 les guider vers la rationalit\u00e9 du XXIe si\u00e8cle.<\/p>\n<p style=\"text-align: justify;\">Il a \u00e9galement annonc\u00e9 que les Gilets jaunes verraient leur niveau de vie continuer \u00e0 baisser ann\u00e9e apr\u00e8s ann\u00e9e tandis que les \u201c\u00e9lites\u201d de ce \u201cnouveau monde\u201d allaient gagner des r\u00e9mun\u00e9rations de plus en plus colossales.<\/p>\n<p><a href=\"https:\/\/www.upr.fr\/actualite\/lhorreur-eugeniste-nazie-de-retour-dans-les-allees-du-pouvoir-macronien\/\" target=\"_blank\" rel=\"noopener noreferrer\">Continuer la lecture sur le site de l&#8217;UPR \u2192<\/a><\/p>\n","protected":false},"excerpt":{"rendered":"<p>[Note de l&#8217;administrateur de ce blog : cet article date du 7 ao\u00fbt 2019, mais reste d&#8217;une br\u00fblante actualit\u00e9. Le transhumaniste auquel Laurent Alexandre fait souvent r\u00e9f\u00e9rence dans sa pr\u00e9sentation \u2013 en faisant mine de le critiquer \u2013 est Yuval Noah Harari, un historien isra\u00e9lien. Quand on conna\u00eet les tr\u00e8s fortes ressemblances entre le sionisme [&hellip;]<\/p>\n","protected":false},"author":1,"featured_media":0,"comment_status":"open","ping_status":"open","sticky":false,"template":"","format":"standard","meta":[],"categories":[133,3,29],"tags":[2013,816,813,372,817,812,2014],"_links":{"self":[{"href":"https:\/\/aitia.fr\/erd\/wp-json\/wp\/v2\/posts\/16636"}],"collection":[{"href":"https:\/\/aitia.fr\/erd\/wp-json\/wp\/v2\/posts"}],"about":[{"href":"https:\/\/aitia.fr\/erd\/wp-json\/wp\/v2\/types\/post"}],"author":[{"embeddable":true,"href":"https:\/\/aitia.fr\/erd\/wp-json\/wp\/v2\/users\/1"}],"replies":[{"embeddable":true,"href":"https:\/\/aitia.fr\/erd\/wp-json\/wp\/v2\/comments?post=16636"}],"version-history":[{"count":5,"href":"https:\/\/aitia.fr\/erd\/wp-json\/wp\/v2\/posts\/16636\/revisions"}],"predecessor-version":[{"id":16643,"href":"https:\/\/aitia.fr\/erd\/wp-json\/wp\/v2\/posts\/16636\/revisions\/16643"}],"wp:attachment":[{"href":"https:\/\/aitia.fr\/erd\/wp-json\/wp\/v2\/media?parent=16636"}],"wp:term":[{"taxonomy":"category","embeddable":true,"href":"https:\/\/aitia.fr\/erd\/wp-json\/wp\/v2\/categories?post=16636"},{"taxonomy":"post_tag","embeddable":true,"href":"https:\/\/aitia.fr\/erd\/wp-json\/wp\/v2\/tags?post=16636"}],"curies":[{"name":"wp","href":"https:\/\/api.w.org\/{rel}","templated":true}]}}