{"id":1661,"date":"2015-02-11T21:13:08","date_gmt":"2015-02-11T20:13:08","guid":{"rendered":"https:\/\/aitia.fr\/erd\/?p=1661"},"modified":"2020-05-31T10:03:40","modified_gmt":"2020-05-31T08:03:40","slug":"israel-seul-etat-terroriste-du-moyen-orient","status":"publish","type":"post","link":"https:\/\/aitia.fr\/erd\/israel-seul-etat-terroriste-du-moyen-orient\/","title":{"rendered":"Isra\u00ebl, seul \u00c9tat terroriste du Moyen-Orient"},"content":{"rendered":"<div id=\"attachment_1240\" style=\"width: 410px\" class=\"wp-caption alignleft\"><a href=\"https:\/\/aitia.fr\/erd\/wp-content\/uploads\/2015\/01\/ein-nazi-f\u00e4hrt-nach-Palestina-k.png\"><img aria-describedby=\"caption-attachment-1240\" decoding=\"async\" loading=\"lazy\" class=\"size-full wp-image-1240\" src=\"https:\/\/aitia.fr\/erd\/wp-content\/uploads\/2015\/01\/ein-nazi-f\u00e4hrt-nach-Palestina-k.png\" alt=\"ein Nazi f\u00e4hrt nach Palestina... und erz\u00e4hlt davon im Angriff\" width=\"400\" height=\"197\" srcset=\"https:\/\/aitia.fr\/erd\/wp-content\/uploads\/2015\/01\/ein-nazi-f\u00e4hrt-nach-Palestina-k.png 400w, https:\/\/aitia.fr\/erd\/wp-content\/uploads\/2015\/01\/ein-nazi-f\u00e4hrt-nach-Palestina-k-300x148.png 300w\" sizes=\"(max-width: 400px) 100vw, 400px\" \/><\/a><p id=\"caption-attachment-1240\" class=\"wp-caption-text\">ein Nazi f\u00e4hrt nach Palestina&#8230; und erz\u00e4hlt davon im <em>Angriff<\/em><br \/>(un nazi voyage en Palestine&#8230; et le raconte dans <em>l&#8217;Attaque<\/em>)<\/p><\/div>\n<p style=\"text-align: justify;\">Le titre fait r\u00e9f\u00e9rence \u00e0 l&#8217;in\u00e9vitable expression &#8220;<em>seule d\u00e9mocratie du Moyen-Orient<\/em>&#8221; employ\u00e9e par tous les cerveaux malades de l&#8217;imp\u00e9rialisme sioniste\u00a0comme BHL et ses sous-fifres.\u00a0J&#8217;avais en effet l&#8217;intention d&#8217;\u00e9crire un article sur ce th\u00e8me, avant de me rendre compte que Jacob Cohen l&#8217;avait fait bien mieux que je n&#8217;aurais pu le faire. Je vous propose donc de lire\u00a0sur son blog &#8220;<a title=\"Le nouveau supr\u00e9matisme juif (Jacob Cohen)\" href=\"https:\/\/web.archive.org\/web\/20150219083946\/https:\/\/jacobdemeknes.blogspot.fr\/2015\/02\/le-nouveau-suprematisme-juif.html\" target=\"_blank\" rel=\"noopener noreferrer\"><em>Le nouveau supr\u00e9matisme juif<\/em><\/a>&#8221; , tout en r\u00e9fl\u00e9chissant aux \u00e9tranget\u00e9s de l&#8217;Histoire via l&#8217;illustration ci-contre, repr\u00e9sentant une m\u00e9daille publicitaire frapp\u00e9e en 1934 pour une s\u00e9rie d&#8217;articles publi\u00e9s dans <em>der Angriff <\/em>(l&#8217;Attaque), le journal de <a title=\"Joseph Goebbels (Wikip\u00e9dia)\" href=\"https:\/\/fr.wikipedia.org\/wiki\/Joseph_Goebbels\" target=\"_blank\" rel=\"noopener noreferrer\">Joseph Goebbels<\/a>, <em>Ministre du Reich \u00e0 l&#8217;\u00c9ducation du Peuple et \u00e0 la Propagande<\/em>\u00a0de 1933 \u00e0 1945.<\/p>\n<p style=\"text-align: justify;\"><!--more-->Il s&#8217;agissait alors, pour les nazis, de s&#8217;appuyer sur le mouvement sioniste mondial pour commencer \u00e0 &#8220;nettoyer&#8221; l&#8217;Allemagne de sa population juive. Et pour le mouvement sioniste, de &#8220;profiter&#8221; de la politique anti-juive allemande pour acc\u00e9l\u00e9rer le peuplement de la Palestine. Entre racistes, on sait se rendre service.<\/p>\n<p style=\"text-align: justify;\">Les choses n&#8217;ont pas beaucoup chang\u00e9 aujourd&#8217;hui. En effet, le pays ayant &#8220;recycl\u00e9&#8221; le plus de nazis s&#8217;appelle&#8230; <a title=\"Les nouvelles scandaleuses (Maurice Gendre)\" href=\"https:\/\/web.archive.org\/web\/20161022051921\/http:\/\/www.egaliteetreconciliation.fr:80\/Les-Nouvelles-scandaleuses-30658.html\" target=\"_blank\" rel=\"noopener noreferrer\">les \u00c9tats-Unis d&#8217;Am\u00e9rique<\/a>. Le programme Apollo, c&#8217;est <a title=\"Wernher von Braun (Wikip\u00e9dia)\" href=\"https:\/\/fr.wikipedia.org\/wiki\/Wernher_von_Braun\" target=\"_blank\" rel=\"noopener noreferrer\">Wernher von Braun<\/a> et son \u00e9quipe, r\u00e9cup\u00e9r\u00e9s lors de l&#8217;<a title=\"Op\u00e9ration Paperclip (Wikip\u00e9dia)\" href=\"https:\/\/fr.wikipedia.org\/wiki\/Op\u00e9ration_Paperclip\" target=\"_blank\" rel=\"noopener noreferrer\">Op\u00e9ration Paperclip<\/a>. L&#8217;industrie agrochimique am\u00e9ricaine, c&#8217;est la reconversion des chimistes allemands \u00e0 la pointe de la synth\u00e8se des\u00a0gaz de combat et du <a title=\"p\u00e9trole synth\u00e9tique (2\u00e8me guerre mondiale)\" href=\"https:\/\/fr.wikipedia.org\/wiki\/Essence_synth\u00e9tique#L.27essor_d.C3.BB_.C3.A0_la_Seconde_Guerre_mondiale\" target=\"_blank\" rel=\"noopener noreferrer\">p\u00e9trole synth\u00e9tique<\/a>. Le premier pr\u00e9sident de la Commission Europ\u00e9enne, c&#8217;est <a title=\"les p\u00e8res fondateurs de l'UE (UPR)\" href=\"https:\/\/www.upr.fr\/videotheque-upr\/les-peres-fondateurs-europeens\" target=\"_blank\" rel=\"noopener noreferrer\">l&#8217;ancien nazi Walter Hallstein<\/a>. L&#8217;Union Europ\u00e9enne aujourd&#8217;hui, c&#8217;est la mise en place \u00e0 Kiev <a title=\"Ukraine (les-crises.fr)\" href=\"https:\/\/www.les-crises.fr\/tag\/ukraine\/\" target=\"_blank\" rel=\"noopener noreferrer\">d&#8217;un r\u00e9gime n\u00e9o-nazi <\/a>(voire pas tr\u00e8s n\u00e9o) avec l&#8217;aide de la CIA et des mercenaires de <a title=\"Blackwater (livre de Jeremy Scahill)\" href=\"https:\/\/fr.wikipedia.org\/wiki\/Blackwater._L'ascension_de_l'arm\u00e9e_priv\u00e9e_la_plus_puissante_du_monde\" target=\"_blank\" rel=\"noopener noreferrer\">Blackwater<\/a> (ou maintenant <a title=\"Academi (Wikip\u00e9dia)\" href=\"https:\/\/fr.wikipedia.org\/wiki\/Academi\" target=\"_blank\" rel=\"noopener noreferrer\">Academi<\/a>). Et des pantins am\u00e9ricano-compatibles qui gouvernent nos &#8220;d\u00e9mocraties&#8221; occidentales. La boucle est boucl\u00e9e. Les nazis n&#8217;\u00e9taient, finalement, <a title=\"Les \u00c9tats-Unis font tout pour \u00e9viter la paix en Ukraine\" href=\"https:\/\/web.archive.org\/web\/20160301230225\/https:\/\/news360x.fr\/les-etats-unis-font-tout-pour-eviter-la-paix-en-ukraine\/\" target=\"_blank\" rel=\"noopener noreferrer\">que des apprentis<\/a>.<\/p>\n","protected":false},"excerpt":{"rendered":"<p>Le titre fait r\u00e9f\u00e9rence \u00e0 l&#8217;in\u00e9vitable expression &#8220;seule d\u00e9mocratie du Moyen-Orient&#8221; employ\u00e9e par tous les cerveaux malades de l&#8217;imp\u00e9rialisme sioniste\u00a0comme BHL et ses sous-fifres.\u00a0J&#8217;avais en effet l&#8217;intention d&#8217;\u00e9crire un article sur ce th\u00e8me, avant de me rendre compte que Jacob Cohen l&#8217;avait fait bien mieux que je n&#8217;aurais pu le faire. Je vous propose donc [&hellip;]<\/p>\n","protected":false},"author":1,"featured_media":0,"comment_status":"open","ping_status":"open","sticky":false,"template":"","format":"standard","meta":[],"categories":[134,29],"tags":[162,48,56],"_links":{"self":[{"href":"https:\/\/aitia.fr\/erd\/wp-json\/wp\/v2\/posts\/1661"}],"collection":[{"href":"https:\/\/aitia.fr\/erd\/wp-json\/wp\/v2\/posts"}],"about":[{"href":"https:\/\/aitia.fr\/erd\/wp-json\/wp\/v2\/types\/post"}],"author":[{"embeddable":true,"href":"https:\/\/aitia.fr\/erd\/wp-json\/wp\/v2\/users\/1"}],"replies":[{"embeddable":true,"href":"https:\/\/aitia.fr\/erd\/wp-json\/wp\/v2\/comments?post=1661"}],"version-history":[{"count":35,"href":"https:\/\/aitia.fr\/erd\/wp-json\/wp\/v2\/posts\/1661\/revisions"}],"predecessor-version":[{"id":15142,"href":"https:\/\/aitia.fr\/erd\/wp-json\/wp\/v2\/posts\/1661\/revisions\/15142"}],"wp:attachment":[{"href":"https:\/\/aitia.fr\/erd\/wp-json\/wp\/v2\/media?parent=1661"}],"wp:term":[{"taxonomy":"category","embeddable":true,"href":"https:\/\/aitia.fr\/erd\/wp-json\/wp\/v2\/categories?post=1661"},{"taxonomy":"post_tag","embeddable":true,"href":"https:\/\/aitia.fr\/erd\/wp-json\/wp\/v2\/tags?post=1661"}],"curies":[{"name":"wp","href":"https:\/\/api.w.org\/{rel}","templated":true}]}}