{"id":16553,"date":"2020-11-12T13:50:14","date_gmt":"2020-11-12T12:50:14","guid":{"rendered":"https:\/\/aitia.fr\/erd\/?p=16553"},"modified":"2020-11-12T13:50:14","modified_gmt":"2020-11-12T12:50:14","slug":"interview-complete-du-dr-michel-de-lorgeril-presentation-de-la-collection-vaccins-societe","status":"publish","type":"post","link":"https:\/\/aitia.fr\/erd\/interview-complete-du-dr-michel-de-lorgeril-presentation-de-la-collection-vaccins-societe\/","title":{"rendered":"Interview compl\u00e8te du Dr Michel de Lorgeril <br>Pr\u00e9sentation de la collection Vaccins &#038; Soci\u00e9t\u00e9"},"content":{"rendered":"<p style=\"text-align: justify;\">[<em>Note de l&#8217;administrateur de ce blog : apr\u00e8s avoir vu le comportement \u00e9trange du plus fervent (et fortun\u00e9) d\u00e9fenseur des vaccins, <a href=\"https:\/\/aitia.fr\/erd\/rappel-bill-gates-et-lacte-vaccinatoire\/\" target=\"_blank\" rel=\"noopener noreferrer\">Bill Gates<\/a>, revenons \u00e0 une approche plus factuelle et rationnelle de la vaccination avec le Dr Michel de Lorgeril. Tout rapprochement avec les batailles m\u00e9diatiques en cours sur d&#8217;autres sujets ne serait que complotisme d\u00e9lirant de cerveau malade.<\/em><\/p>\n<p style=\"text-align: justify;\"><em>La vid\u00e9o ci-dessous est \u00e0 but promotionnel puisqu&#8217;elle vient de l&#8217;\u00e9diteur ; j&#8217;esp\u00e8re r\u00e9aliser prochainement des fiches de lectures de ces ouvrages (que je recommande chaudement), ayant lu une partie d&#8217;entre eux.<\/em>]<\/p>\n<hr \/>\n<p style=\"text-align: center;\"><iframe loading=\"lazy\" src=\"https:\/\/www.youtube.com\/embed\/hZx3kfDyoos\" width=\"640\" height=\"360\" frameborder=\"0\" allowfullscreen=\"allowfullscreen\"><\/iframe><\/p>\n","protected":false},"excerpt":{"rendered":"<p>[Note de l&#8217;administrateur de ce blog : apr\u00e8s avoir vu le comportement \u00e9trange du plus fervent (et fortun\u00e9) d\u00e9fenseur des vaccins, Bill Gates, revenons \u00e0 une approche plus factuelle et rationnelle de la vaccination avec le Dr Michel de Lorgeril. Tout rapprochement avec les batailles m\u00e9diatiques en cours sur d&#8217;autres sujets ne serait que complotisme [&hellip;]<\/p>\n","protected":false},"author":1,"featured_media":0,"comment_status":"open","ping_status":"open","sticky":false,"template":"","format":"standard","meta":[],"categories":[133,3,29],"tags":[846,48,2012,899,12,1730],"_links":{"self":[{"href":"https:\/\/aitia.fr\/erd\/wp-json\/wp\/v2\/posts\/16553"}],"collection":[{"href":"https:\/\/aitia.fr\/erd\/wp-json\/wp\/v2\/posts"}],"about":[{"href":"https:\/\/aitia.fr\/erd\/wp-json\/wp\/v2\/types\/post"}],"author":[{"embeddable":true,"href":"https:\/\/aitia.fr\/erd\/wp-json\/wp\/v2\/users\/1"}],"replies":[{"embeddable":true,"href":"https:\/\/aitia.fr\/erd\/wp-json\/wp\/v2\/comments?post=16553"}],"version-history":[{"count":3,"href":"https:\/\/aitia.fr\/erd\/wp-json\/wp\/v2\/posts\/16553\/revisions"}],"predecessor-version":[{"id":16626,"href":"https:\/\/aitia.fr\/erd\/wp-json\/wp\/v2\/posts\/16553\/revisions\/16626"}],"wp:attachment":[{"href":"https:\/\/aitia.fr\/erd\/wp-json\/wp\/v2\/media?parent=16553"}],"wp:term":[{"taxonomy":"category","embeddable":true,"href":"https:\/\/aitia.fr\/erd\/wp-json\/wp\/v2\/categories?post=16553"},{"taxonomy":"post_tag","embeddable":true,"href":"https:\/\/aitia.fr\/erd\/wp-json\/wp\/v2\/tags?post=16553"}],"curies":[{"name":"wp","href":"https:\/\/api.w.org\/{rel}","templated":true}]}}