{"id":16543,"date":"2020-12-19T10:12:00","date_gmt":"2020-12-19T09:12:00","guid":{"rendered":"https:\/\/aitia.fr\/erd\/?p=16543"},"modified":"2020-12-19T10:20:58","modified_gmt":"2020-12-19T09:20:58","slug":"nombre-de-deces-quotidiens-insee","status":"publish","type":"post","link":"https:\/\/aitia.fr\/erd\/nombre-de-deces-quotidiens-insee\/","title":{"rendered":"Nombre de d\u00e9c\u00e8s quotidiens (INSEE)"},"content":{"rendered":"<p style=\"text-align: justify;\"><a href=\"https:\/\/aitia.fr\/erd\/wp-content\/uploads\/2020\/12\/deces-INSEE-2020-12-07-publie-2020-12-18.png\" target=\"_blank\" rel=\"noopener noreferrer\"><img decoding=\"async\" loading=\"lazy\" class=\"alignleft wp-image-17218\" src=\"https:\/\/aitia.fr\/erd\/wp-content\/uploads\/2020\/11\/deces-INSEE-2020-12-07-publie-2020-12-18-r.png\" alt=\"\" width=\"400\" height=\"546\" srcset=\"https:\/\/aitia.fr\/erd\/wp-content\/uploads\/2020\/11\/deces-INSEE-2020-12-07-publie-2020-12-18-r.png 599w, https:\/\/aitia.fr\/erd\/wp-content\/uploads\/2020\/11\/deces-INSEE-2020-12-07-publie-2020-12-18-r-220x300.png 220w\" sizes=\"(max-width: 400px) 100vw, 400px\" \/><\/a>[<strong>Mise \u00e0 jour du 19 d\u00e9cembre :<\/strong> cet article a \u00e9t\u00e9 initialement publi\u00e9 le 6 novembre 2020. Je reprends ci-contre le graphe des derni\u00e8res donn\u00e9es <a href=\"https:\/\/www.insee.fr\/fr\/statistiques\/4931039?sommaire=4487854\" target=\"_blank\" rel=\"noopener noreferrer\">publi\u00e9es le 18 d\u00e9cembre<\/a> (et arr\u00eat\u00e9es le 7). L&#8217;augmentation de la mortalit\u00e9 totale amorc\u00e9e \u00e0 la mi-octobre octobre a \u00e9t\u00e9 significative, a atteint un pic d\u00e9but novembre et est revenue aux niveaux habituels de la saison le 7 d\u00e9cembre. \u00c0 force de rendre les gens malades (psychiquement et physiquement) par des contraintes aussi arbitraires qu&#8217;inefficaces \u2013 se tenir \u00e0 une barre recouverte de virus dans un bus ou un m\u00e9tro bond\u00e9s c&#8217;est BIEN, respirer l&#8217;air pur dans une promenade en montagne c&#8217;est MAL \u2013 il ne faut pas s&#8217;en \u00e9tonner.<\/p>\n<p style=\"text-align: justify;\"><em>Note de l&#8217;administrateur de ce blog\u202f: comme je le disais dans l&#8217;article <a href=\"https:\/\/aitia.fr\/erd\/raison-garder\/\" target=\"_blank\" rel=\"noopener noreferrer\">&#8220;Raison garder&#8221;<\/a>, seuls les chiffres de mortalit\u00e9 <strong>totale<\/strong> ne sont pas susceptibles de manipulation, ceux de &#8220;mortalit\u00e9 COVID&#8221; \u00e9tant syst\u00e9matiquement truqu\u00e9s en faisant passer des morts ayant eu un test positif au SARS-CoV2 (<a href=\"https:\/\/www.youtube.com\/watch?v=o8cW12fM_rk&amp;feature=emb_logo\" target=\"_blank\" rel=\"noopener noreferrer\">et m\u00eame pas toujours\u202f!<\/a>) pour des &#8220;morts de la COVID-19&#8221;, alors que beaucoup \u00e9taient tr\u00e8s \u00e2g\u00e9s ou avaient des comorbidit\u00e9s graves (quelquefois <a href=\"https:\/\/aitia.fr\/erd\/jeune-en-pleine-sante-et-decede-de-la-covid-19-ce-que-les-media-ne-vous-disent-pas\/\" target=\"_blank\" rel=\"noopener noreferrer\">invisibles aux na\u00effs<\/a>). Ceci, bien s\u00fbr, afin d&#8217;alimenter la psychose ambiante et de mettre en place une dictature sur des pr\u00e9textes sanitaires. <\/em><\/p>\n<p style=\"text-align: justify;\"><em>Que ceux qui ont des yeux pour voir et un cerveau pour penser s&#8217;en servent\u202f!<\/em>]<\/p>\n<hr \/>\n<p style=\"text-align: justify;\"><strong>Ce graphique repr\u00e9sente le nombre de d\u00e9c\u00e8s quotidiens survenus chaque jour pour les ann\u00e9es 2015 \u00e0 2020<\/strong>, ainsi qu&#8217;en moyenne sur la p\u00e9riode 2015-2019. On y voit la tr\u00e8s vive acc\u00e9l\u00e9ration des d\u00e9c\u00e8s \u00e0 partir de la mi-mars 2020 jusqu&#8217;au 1<sup>er<\/sup> avril, puis la d\u00e9crue jusque fin avril. Sur la p\u00e9riode mai-juin 2020, les d\u00e9c\u00e8s sont proches de ceux survenus au cours de la m\u00eame p\u00e9riode les ann\u00e9es pr\u00e9c\u00e9dentes. Au cours de l&#8217;\u00e9t\u00e9 2020, un pic des d\u00e9c\u00e8s a \u00e9t\u00e9 observ\u00e9 du 10 au 12 ao\u00fbt. Plusieurs \u00e9pisodes de grippe saisonni\u00e8re r\u00e9cents ayant entra\u00een\u00e9 une surmortalit\u00e9 importante sont visibles : l\u2019\u00e9pid\u00e9mie de l\u2019hiver 2016-2017 dont le pic a \u00e9t\u00e9 atteint en janvier 2017 ; un peu plus loin dans le pass\u00e9, l\u2019\u00e9pid\u00e9mie de l\u2019hiver 2014-2015 avec un pic en f\u00e9vrier 2015 ; plus r\u00e9cemment, l\u2019\u00e9pid\u00e9mie de grippe de l\u2019hiver 2017-2018 qui a dur\u00e9 jusqu\u2019en mars 2018 et a entra\u00een\u00e9 un surcro\u00eet important de mortalit\u00e9. Le graphique permet aussi de visualiser le pic de mortalit\u00e9 bref et intense d\u00fb \u00e0 la canicule de l&#8217;\u00e9t\u00e9 2003.<\/p>\n<p><a href=\"https:\/\/www.insee.fr\/fr\/statistiques\/4931039?sommaire=4487854\" target=\"_blank\" rel=\"noopener noreferrer\">Continuer la lecture (et t\u00e9l\u00e9charger \u00e9ventuellement les donn\u00e9es) sur le site de l&#8217;INSEE \u2192<\/a><\/p>\n","protected":false},"excerpt":{"rendered":"<p>[Mise \u00e0 jour du 19 d\u00e9cembre : cet article a \u00e9t\u00e9 initialement publi\u00e9 le 6 novembre 2020. Je reprends ci-contre le graphe des derni\u00e8res donn\u00e9es publi\u00e9es le 18 d\u00e9cembre (et arr\u00eat\u00e9es le 7). L&#8217;augmentation de la mortalit\u00e9 totale amorc\u00e9e \u00e0 la mi-octobre octobre a \u00e9t\u00e9 significative, a atteint un pic d\u00e9but novembre et est revenue [&hellip;]<\/p>\n","protected":false},"author":1,"featured_media":0,"comment_status":"open","ping_status":"open","sticky":false,"template":"","format":"standard","meta":[],"categories":[4,3,29],"tags":[1542,1687,1923,20,1922,1346,141],"_links":{"self":[{"href":"https:\/\/aitia.fr\/erd\/wp-json\/wp\/v2\/posts\/16543"}],"collection":[{"href":"https:\/\/aitia.fr\/erd\/wp-json\/wp\/v2\/posts"}],"about":[{"href":"https:\/\/aitia.fr\/erd\/wp-json\/wp\/v2\/types\/post"}],"author":[{"embeddable":true,"href":"https:\/\/aitia.fr\/erd\/wp-json\/wp\/v2\/users\/1"}],"replies":[{"embeddable":true,"href":"https:\/\/aitia.fr\/erd\/wp-json\/wp\/v2\/comments?post=16543"}],"version-history":[{"count":23,"href":"https:\/\/aitia.fr\/erd\/wp-json\/wp\/v2\/posts\/16543\/revisions"}],"predecessor-version":[{"id":17226,"href":"https:\/\/aitia.fr\/erd\/wp-json\/wp\/v2\/posts\/16543\/revisions\/17226"}],"wp:attachment":[{"href":"https:\/\/aitia.fr\/erd\/wp-json\/wp\/v2\/media?parent=16543"}],"wp:term":[{"taxonomy":"category","embeddable":true,"href":"https:\/\/aitia.fr\/erd\/wp-json\/wp\/v2\/categories?post=16543"},{"taxonomy":"post_tag","embeddable":true,"href":"https:\/\/aitia.fr\/erd\/wp-json\/wp\/v2\/tags?post=16543"}],"curies":[{"name":"wp","href":"https:\/\/api.w.org\/{rel}","templated":true}]}}