{"id":16484,"date":"2020-11-05T14:14:18","date_gmt":"2020-11-05T13:14:18","guid":{"rendered":"https:\/\/aitia.fr\/erd\/?p=16484"},"modified":"2020-11-05T14:14:18","modified_gmt":"2020-11-05T13:14:18","slug":"elisabeth-levy-la-colere-dolivier-veran-un-chantage-emotionnel-insupportable-sud-radio","status":"publish","type":"post","link":"https:\/\/aitia.fr\/erd\/elisabeth-levy-la-colere-dolivier-veran-un-chantage-emotionnel-insupportable-sud-radio\/","title":{"rendered":"Elisabeth Levy &#8211; La col\u00e8re d&#8217;Olivier V\u00e9ran : <br>&#8220;un chantage \u00e9motionnel insupportable&#8221; (Sud Radio)"},"content":{"rendered":"<p style=\"text-align: justify;\">[<em>Note de l&#8217;administrateur de ce blog : qu&#8217;\u00c9lisabeth L\u00e9vy soit elle-m\u00eame souvent insupportable et adepte du chantage \u00e9motionnel <a href=\"https:\/\/www.youtube.com\/watch?v=Rb4PflE-7vY\" target=\"_blank\" rel=\"noopener noreferrer\">quand \u00e7a l&#8217;arrange<\/a> ne doit pas emp\u00eacher de tomber d&#8217;accord avec elle lorsqu&#8217;elle dit des choses intelligentes.<\/em>]<\/p>\n<hr \/>\n<p style=\"text-align: center;\"><iframe loading=\"lazy\" src=\"https:\/\/www.youtube.com\/embed\/j21C4AYU0EA\" width=\"640\" height=\"360\" frameborder=\"0\" allowfullscreen=\"allowfullscreen\"><span style=\"display: inline-block; width: 0px; overflow: hidden; line-height: 0;\" data-mce-type=\"bookmark\" class=\"mce_SELRES_start\">\ufeff<\/span><\/iframe><\/p>\n","protected":false},"excerpt":{"rendered":"<p>[Note de l&#8217;administrateur de ce blog : qu&#8217;\u00c9lisabeth L\u00e9vy soit elle-m\u00eame souvent insupportable et adepte du chantage \u00e9motionnel quand \u00e7a l&#8217;arrange ne doit pas emp\u00eacher de tomber d&#8217;accord avec elle lorsqu&#8217;elle dit des choses intelligentes.] \ufeff<\/p>\n","protected":false},"author":1,"featured_media":0,"comment_status":"open","ping_status":"open","sticky":false,"template":"","format":"video","meta":[],"categories":[4,133],"tags":[1992,1995,1993,1645,1996,1994],"_links":{"self":[{"href":"https:\/\/aitia.fr\/erd\/wp-json\/wp\/v2\/posts\/16484"}],"collection":[{"href":"https:\/\/aitia.fr\/erd\/wp-json\/wp\/v2\/posts"}],"about":[{"href":"https:\/\/aitia.fr\/erd\/wp-json\/wp\/v2\/types\/post"}],"author":[{"embeddable":true,"href":"https:\/\/aitia.fr\/erd\/wp-json\/wp\/v2\/users\/1"}],"replies":[{"embeddable":true,"href":"https:\/\/aitia.fr\/erd\/wp-json\/wp\/v2\/comments?post=16484"}],"version-history":[{"count":2,"href":"https:\/\/aitia.fr\/erd\/wp-json\/wp\/v2\/posts\/16484\/revisions"}],"predecessor-version":[{"id":16486,"href":"https:\/\/aitia.fr\/erd\/wp-json\/wp\/v2\/posts\/16484\/revisions\/16486"}],"wp:attachment":[{"href":"https:\/\/aitia.fr\/erd\/wp-json\/wp\/v2\/media?parent=16484"}],"wp:term":[{"taxonomy":"category","embeddable":true,"href":"https:\/\/aitia.fr\/erd\/wp-json\/wp\/v2\/categories?post=16484"},{"taxonomy":"post_tag","embeddable":true,"href":"https:\/\/aitia.fr\/erd\/wp-json\/wp\/v2\/tags?post=16484"}],"curies":[{"name":"wp","href":"https:\/\/api.w.org\/{rel}","templated":true}]}}