{"id":16447,"date":"2020-11-03T13:30:25","date_gmt":"2020-11-03T12:30:25","guid":{"rendered":"https:\/\/aitia.fr\/erd\/?p=16447"},"modified":"2020-11-04T19:33:28","modified_gmt":"2020-11-04T18:33:28","slug":"dr-pascal-sacre-victime-expiatoire","status":"publish","type":"post","link":"https:\/\/aitia.fr\/erd\/dr-pascal-sacre-victime-expiatoire\/","title":{"rendered":"Dr Pascal Sacr\u00e9 : victime expiatoire ?"},"content":{"rendered":"<p style=\"text-align: justify;\">[<em>Note de l&#8217;administrateur de ce blog : Le Dr Pascal Sacr\u00e9, anesth\u00e9siste-r\u00e9animateur \u00e0 Charleroi en Belgique, vient d&#8217;\u00eatre licenci\u00e9 sans avoir commis la moindre faute professionnelle, simplement parce qu&#8217;il exprime des opinions critiques et sourc\u00e9es sur la politique sanitaire actuelle. Des m\u00e9thodes <a href=\"https:\/\/aitia.fr\/erd\/une-perfide-censure\/\" target=\"_blank\" rel=\"noopener noreferrer\">qui en rappellent d&#8217;autres<\/a>. <\/em><\/p>\n<p style=\"text-align: justify;\"><em>Comme le dit le Dr Louis Fouch\u00e9, il devrait \u00eatre clair d\u00e9sormais, \u00e0 tous ceux qui ont des yeux pour voir et des oreilles pour entendre, que &#8220;les gens qui nous dirigent, les gens qui sont aux manettes, [&#8230;] en fait ils ne souhaitent pas soigner les gens, ce n&#8217;est pas vrai, ils ne souhaitent pas faire mieux, ils ne souhaitent pas faire une politique sanitaire intelligente. Ils souhaitent juste \u00eatre dociles \u00e0 ce qu&#8217;on leur dit, m\u00eame s&#8217;ils ne savent m\u00eame pas pourquoi. Et ils sont conduits par la peur, ils sont coonduits par une esp\u00e8ce de folie qui s&#8217;est empar\u00e9e d&#8217;eux, et qui les emm\u00e8ne vers un <strong>d\u00e9ferlement totalitaire<\/strong>.&#8221;<\/em>]<\/p>\n<hr \/>\n<p style=\"text-align: center;\"><iframe loading=\"lazy\" src=\"https:\/\/www.youtube.com\/embed\/Htenq2pGVOI\" width=\"640\" height=\"360\" frameborder=\"0\" allowfullscreen=\"allowfullscreen\"><\/iframe><\/p>\n<p style=\"text-align: center;\"><iframe loading=\"lazy\" src=\"https:\/\/www.youtube.com\/embed\/Pyj2mUuGUA0\" width=\"640\" height=\"360\" frameborder=\"0\" allowfullscreen=\"allowfullscreen\"><\/iframe><\/p>\n","protected":false},"excerpt":{"rendered":"<p>[Note de l&#8217;administrateur de ce blog : Le Dr Pascal Sacr\u00e9, anesth\u00e9siste-r\u00e9animateur \u00e0 Charleroi en Belgique, vient d&#8217;\u00eatre licenci\u00e9 sans avoir commis la moindre faute professionnelle, simplement parce qu&#8217;il exprime des opinions critiques et sourc\u00e9es sur la politique sanitaire actuelle. Des m\u00e9thodes qui en rappellent d&#8217;autres. Comme le dit le Dr Louis Fouch\u00e9, il devrait [&hellip;]<\/p>\n","protected":false},"author":1,"featured_media":0,"comment_status":"open","ping_status":"open","sticky":false,"template":"","format":"video","meta":[],"categories":[4,134,133],"tags":[1311,117,1687,1984,1929,1945,554,1985,1986],"_links":{"self":[{"href":"https:\/\/aitia.fr\/erd\/wp-json\/wp\/v2\/posts\/16447"}],"collection":[{"href":"https:\/\/aitia.fr\/erd\/wp-json\/wp\/v2\/posts"}],"about":[{"href":"https:\/\/aitia.fr\/erd\/wp-json\/wp\/v2\/types\/post"}],"author":[{"embeddable":true,"href":"https:\/\/aitia.fr\/erd\/wp-json\/wp\/v2\/users\/1"}],"replies":[{"embeddable":true,"href":"https:\/\/aitia.fr\/erd\/wp-json\/wp\/v2\/comments?post=16447"}],"version-history":[{"count":3,"href":"https:\/\/aitia.fr\/erd\/wp-json\/wp\/v2\/posts\/16447\/revisions"}],"predecessor-version":[{"id":16450,"href":"https:\/\/aitia.fr\/erd\/wp-json\/wp\/v2\/posts\/16447\/revisions\/16450"}],"wp:attachment":[{"href":"https:\/\/aitia.fr\/erd\/wp-json\/wp\/v2\/media?parent=16447"}],"wp:term":[{"taxonomy":"category","embeddable":true,"href":"https:\/\/aitia.fr\/erd\/wp-json\/wp\/v2\/categories?post=16447"},{"taxonomy":"post_tag","embeddable":true,"href":"https:\/\/aitia.fr\/erd\/wp-json\/wp\/v2\/tags?post=16447"}],"curies":[{"name":"wp","href":"https:\/\/api.w.org\/{rel}","templated":true}]}}