{"id":16419,"date":"2020-11-02T09:32:25","date_gmt":"2020-11-02T08:32:25","guid":{"rendered":"https:\/\/aitia.fr\/erd\/?p=16419"},"modified":"2020-11-04T19:33:13","modified_gmt":"2020-11-04T18:33:13","slug":"le-dr-louis-fouche-recuse-lutilite-du-confinement-reinfo-covid","status":"publish","type":"post","link":"https:\/\/aitia.fr\/erd\/le-dr-louis-fouche-recuse-lutilite-du-confinement-reinfo-covid\/","title":{"rendered":"Le Dr Louis Fouch\u00e9 r\u00e9cuse l&#8217;utilit\u00e9 du confinement <br>(R\u00e9info Covid)"},"content":{"rendered":"<p style=\"text-align: justify;\">[<em>Note de l&#8217;administrateur de ce blog : o\u00f9 l&#8217;on apprend qu&#8217;un suicid\u00e9 par pendaison peur entrer dans les statistiques &#8220;morts de la COVID-19&#8221;. Ce qui, \u00e0 vrai dire, est peut-\u00eatre seulement \u00e0 moiti\u00e9 faux : il est possible qu&#8217;il soit mort de la psychose sur la COVID-19.<\/em><\/p>\n<p style=\"text-align: justify;\"><em>N&#8217;oubliez pas de consulter et de faire conna\u00eetre le site <a href=\"https:\/\/www.reinfocovid.fr\/\" target=\"_blank\" rel=\"noopener noreferrer\">R\u00e9info Covid<\/a> pour d&#8217;autres analyses et chiffres visant \u00e0 r\u00e9tablir de la raison et du lien social au milieu de cette propagande morbide et perverse.<\/em>]<\/p>\n<hr \/>\n<p style=\"text-align: center;\"><iframe loading=\"lazy\" src=\"https:\/\/www.youtube.com\/embed\/uxObTvpMQro\" width=\"640\" height=\"360\" frameborder=\"0\" allowfullscreen=\"allowfullscreen\"><\/iframe><\/p>\n","protected":false},"excerpt":{"rendered":"<p>[Note de l&#8217;administrateur de ce blog : o\u00f9 l&#8217;on apprend qu&#8217;un suicid\u00e9 par pendaison peur entrer dans les statistiques &#8220;morts de la COVID-19&#8221;. Ce qui, \u00e0 vrai dire, est peut-\u00eatre seulement \u00e0 moiti\u00e9 faux : il est possible qu&#8217;il soit mort de la psychose sur la COVID-19. N&#8217;oubliez pas de consulter et de faire conna\u00eetre [&hellip;]<\/p>\n","protected":false},"author":1,"featured_media":0,"comment_status":"open","ping_status":"open","sticky":false,"template":"","format":"standard","meta":[],"categories":[4,134,133,29],"tags":[1542,1687,1930,1929,48,1827,12,141],"_links":{"self":[{"href":"https:\/\/aitia.fr\/erd\/wp-json\/wp\/v2\/posts\/16419"}],"collection":[{"href":"https:\/\/aitia.fr\/erd\/wp-json\/wp\/v2\/posts"}],"about":[{"href":"https:\/\/aitia.fr\/erd\/wp-json\/wp\/v2\/types\/post"}],"author":[{"embeddable":true,"href":"https:\/\/aitia.fr\/erd\/wp-json\/wp\/v2\/users\/1"}],"replies":[{"embeddable":true,"href":"https:\/\/aitia.fr\/erd\/wp-json\/wp\/v2\/comments?post=16419"}],"version-history":[{"count":4,"href":"https:\/\/aitia.fr\/erd\/wp-json\/wp\/v2\/posts\/16419\/revisions"}],"predecessor-version":[{"id":16423,"href":"https:\/\/aitia.fr\/erd\/wp-json\/wp\/v2\/posts\/16419\/revisions\/16423"}],"wp:attachment":[{"href":"https:\/\/aitia.fr\/erd\/wp-json\/wp\/v2\/media?parent=16419"}],"wp:term":[{"taxonomy":"category","embeddable":true,"href":"https:\/\/aitia.fr\/erd\/wp-json\/wp\/v2\/categories?post=16419"},{"taxonomy":"post_tag","embeddable":true,"href":"https:\/\/aitia.fr\/erd\/wp-json\/wp\/v2\/tags?post=16419"}],"curies":[{"name":"wp","href":"https:\/\/api.w.org\/{rel}","templated":true}]}}