{"id":16324,"date":"2020-10-29T23:08:34","date_gmt":"2020-10-29T22:08:34","guid":{"rendered":"https:\/\/aitia.fr\/erd\/?p=16324"},"modified":"2020-10-29T23:08:34","modified_gmt":"2020-10-29T22:08:34","slug":"reconfinement-reaction-de-francois-asselineau-upr-tv","status":"publish","type":"post","link":"https:\/\/aitia.fr\/erd\/reconfinement-reaction-de-francois-asselineau-upr-tv\/","title":{"rendered":"Reconfinement : R\u00e9action de Fran\u00e7ois Asselineau (UPR TV)"},"content":{"rendered":"<p>[<em>Note de l&#8217;administrateur de ce blog : si la France avait un Pr\u00e9sident de la R\u00e9publique, il pourrait lui ressembler (pour les id\u00e9es ; le physique on s&#8217;en tape)<\/em>.]<\/p>\n<hr \/>\n<p style=\"text-align: center;\"><iframe loading=\"lazy\" src=\"https:\/\/www.youtube.com\/embed\/VnvD4_EjmT4\" width=\"640\" height=\"360\" frameborder=\"0\" allowfullscreen=\"allowfullscreen\"><\/iframe><\/p>\n","protected":false},"excerpt":{"rendered":"<p>[Note de l&#8217;administrateur de ce blog : si la France avait un Pr\u00e9sident de la R\u00e9publique, il pourrait lui ressembler (pour les id\u00e9es ; le physique on s&#8217;en tape).]<\/p>\n","protected":false},"author":1,"featured_media":0,"comment_status":"open","ping_status":"open","sticky":false,"template":"","format":"video","meta":[],"categories":[4,134,133],"tags":[1542,566,577,20,12,1966],"_links":{"self":[{"href":"https:\/\/aitia.fr\/erd\/wp-json\/wp\/v2\/posts\/16324"}],"collection":[{"href":"https:\/\/aitia.fr\/erd\/wp-json\/wp\/v2\/posts"}],"about":[{"href":"https:\/\/aitia.fr\/erd\/wp-json\/wp\/v2\/types\/post"}],"author":[{"embeddable":true,"href":"https:\/\/aitia.fr\/erd\/wp-json\/wp\/v2\/users\/1"}],"replies":[{"embeddable":true,"href":"https:\/\/aitia.fr\/erd\/wp-json\/wp\/v2\/comments?post=16324"}],"version-history":[{"count":2,"href":"https:\/\/aitia.fr\/erd\/wp-json\/wp\/v2\/posts\/16324\/revisions"}],"predecessor-version":[{"id":16326,"href":"https:\/\/aitia.fr\/erd\/wp-json\/wp\/v2\/posts\/16324\/revisions\/16326"}],"wp:attachment":[{"href":"https:\/\/aitia.fr\/erd\/wp-json\/wp\/v2\/media?parent=16324"}],"wp:term":[{"taxonomy":"category","embeddable":true,"href":"https:\/\/aitia.fr\/erd\/wp-json\/wp\/v2\/categories?post=16324"},{"taxonomy":"post_tag","embeddable":true,"href":"https:\/\/aitia.fr\/erd\/wp-json\/wp\/v2\/tags?post=16324"}],"curies":[{"name":"wp","href":"https:\/\/api.w.org\/{rel}","templated":true}]}}