{"id":16303,"date":"2020-11-08T12:17:16","date_gmt":"2020-11-08T11:17:16","guid":{"rendered":"https:\/\/aitia.fr\/erd\/?p=16303"},"modified":"2020-11-08T12:18:08","modified_gmt":"2020-11-08T11:18:08","slug":"avis-de-recherche-de-loms-la-grippe-semble-avoir-disparu-avec-lapparition-du-covid-karine-bechet-golovko","status":"publish","type":"post","link":"https:\/\/aitia.fr\/erd\/avis-de-recherche-de-loms-la-grippe-semble-avoir-disparu-avec-lapparition-du-covid-karine-bechet-golovko\/","title":{"rendered":"Avis de recherche de l&#8217;OMS : La grippe semble avoir disparu avec l&#8217;apparition du Covid (Karine Bechet-Golovko)"},"content":{"rendered":"<p style=\"text-align: justify;\"><a href=\"https:\/\/aitia.fr\/erd\/wp-content\/uploads\/2020\/11\/Global-circulation-of-influenza-viruses.png\" target=\"_blank\" rel=\"noopener noreferrer\"><img decoding=\"async\" loading=\"lazy\" class=\"alignleft wp-image-16519\" src=\"https:\/\/aitia.fr\/erd\/wp-content\/uploads\/2020\/11\/Global-circulation-of-influenza-viruses-r.jpg\" alt=\"\" width=\"430\" height=\"312\" srcset=\"https:\/\/aitia.fr\/erd\/wp-content\/uploads\/2020\/11\/Global-circulation-of-influenza-viruses-r.jpg 600w, https:\/\/aitia.fr\/erd\/wp-content\/uploads\/2020\/11\/Global-circulation-of-influenza-viruses-r-300x218.jpg 300w\" sizes=\"(max-width: 430px) 100vw, 430px\" \/><\/a>[<em>Note de l&#8217;administrateur de ce blog\u202f: ceux qui voudront avoir les derni\u00e8res nouvelles de la disparue pourront se rendre <a href=\"https:\/\/apps.who.int\/flumart\/Default?ReportNo=6\" target=\"_blank\" rel=\"noopener noreferrer\">sur cette page<\/a>.<\/em><\/p>\n<p style=\"text-align: justify;\"><em>Question perfide\u202f: au cas o\u00f9 le SARS-CoV-2 dispara\u00eetrait sans crier gare de la m\u00eame mani\u00e8re, aurait-il \u00e9t\u00e9 bien prudent d&#8217;investir des milliards dans la fabrication d&#8217;un vaccin (qui par ailleurs sera pri\u00e9 de s&#8217;adapter aux mutations successives) ? <\/em><\/p>\n<p style=\"text-align: justify;\"><em>\u00c0 moins que le plan B soit de l&#8217;imposer de toute fa\u00e7on, m\u00eame inutile (sanitairement parlant)\u202f? Voire que ce soit en r\u00e9alit\u00e9 le plan A\u202f?<\/em>]<\/p>\n<hr \/>\n<p style=\"text-align: justify;\">Quelqu&#8217;un l&#8217;aurait-il aper\u00e7ue ? Car l&#8217;OMS est tr\u00e8s inqui\u00e8te\u202f: depuis l&#8217;apparition du Covid (les dates concordent), la grippe a disparu de nos belles contr\u00e9es. C&#8217;est inqui\u00e9tant, elle qui \u00e9tait toujours l\u00e0 pour nous accompagner en automne, cette ombre \u00e9ternelle des feuilles mortes, n&#8217;appara\u00eet plus dans les statistiques de l&#8217;OMS. Certains affirment qu&#8217;elle a \u00e9t\u00e9 kidnapp\u00e9e par les pouvoirs publics et d\u00e9guis\u00e9e en Covid, d&#8217;autres que le kidnapper est le Covid lui-m\u00eame au nom justement de l&#8217;OMS. Bref, l&#8217;on s&#8217;y perd et on l&#8217;a perdue. Mais elle me manque. C&#8217;est pourquoi je lance cet appel d\u00e9sesp\u00e9r\u00e9\u202f: si vous la voyez passer, signalez sa pr\u00e9sence\u202f! Nous avons d\u00e9j\u00e0 pay\u00e9 une ran\u00e7on assez forte, nous vivions beaucoup mieux avec elle\u202f!<\/p>\n<p style=\"text-align: justify;\">Alors que les mesures liberticides deviennent monnaie courante dans le monde, que l&#8217;humain est pris pour cible d&#8217;un syst\u00e8me totalitaire technologiquement orient\u00e9\u202f; alors que nous sommes relay\u00e9s dans les bas-fonds de l&#8217;existence animale (ne pas penser, manger, dormir, travailler) &#8211; avec une exception pour la consommation\u202f; alors que la vie est cens\u00e9e se r\u00e9duire \u00e0 des colonnes dans des bases de donn\u00e9es \u00e0 vendre au plus offrant\u202f; alors que tout cela a lieu &#8220;pour notre bien&#8221;, car, \u00d4 mon Dieu, le Covid est \u00e0 nos portes et va nous d\u00e9truire (donc autant se d\u00e9truire soi-m\u00eame), il se trouve&#8230; que la grippe a disparu. Selon les donn\u00e9es de l&#8217;OMS. Qui note officiellement la &#8220;baisse&#8221;.<\/p>\n<p><a href=\"http:\/\/russiepolitics.blogspot.com\/2020\/10\/avis-de-recherche-de-loms-la-grippe.html\" target=\"_blank\" rel=\"noopener noreferrer\">Continuer la lecture sur Russie politics \u2192<\/a><\/p>\n<p style=\"text-align: justify;\">Voir et \u00e9couter aussi les confessions du Dr Bensadoun ici :<\/p>\n<p style=\"text-align: center;\"><iframe loading=\"lazy\" src=\"https:\/\/www.youtube.com\/embed\/o8cW12fM_rk\" width=\"640\" height=\"360\" frameborder=\"0\" allowfullscreen=\"allowfullscreen\"><\/iframe><\/p>\n","protected":false},"excerpt":{"rendered":"<p>[Note de l&#8217;administrateur de ce blog\u202f: ceux qui voudront avoir les derni\u00e8res nouvelles de la disparue pourront se rendre sur cette page. Question perfide\u202f: au cas o\u00f9 le SARS-CoV-2 dispara\u00eetrait sans crier gare de la m\u00eame mani\u00e8re, aurait-il \u00e9t\u00e9 bien prudent d&#8217;investir des milliards dans la fabrication d&#8217;un vaccin (qui par ailleurs sera pri\u00e9 de [&hellip;]<\/p>\n","protected":false},"author":1,"featured_media":0,"comment_status":"open","ping_status":"open","sticky":false,"template":"","format":"standard","meta":[],"categories":[134,5,29,6],"tags":[1542,1687,2001,851,31,48,915],"_links":{"self":[{"href":"https:\/\/aitia.fr\/erd\/wp-json\/wp\/v2\/posts\/16303"}],"collection":[{"href":"https:\/\/aitia.fr\/erd\/wp-json\/wp\/v2\/posts"}],"about":[{"href":"https:\/\/aitia.fr\/erd\/wp-json\/wp\/v2\/types\/post"}],"author":[{"embeddable":true,"href":"https:\/\/aitia.fr\/erd\/wp-json\/wp\/v2\/users\/1"}],"replies":[{"embeddable":true,"href":"https:\/\/aitia.fr\/erd\/wp-json\/wp\/v2\/comments?post=16303"}],"version-history":[{"count":18,"href":"https:\/\/aitia.fr\/erd\/wp-json\/wp\/v2\/posts\/16303\/revisions"}],"predecessor-version":[{"id":16526,"href":"https:\/\/aitia.fr\/erd\/wp-json\/wp\/v2\/posts\/16303\/revisions\/16526"}],"wp:attachment":[{"href":"https:\/\/aitia.fr\/erd\/wp-json\/wp\/v2\/media?parent=16303"}],"wp:term":[{"taxonomy":"category","embeddable":true,"href":"https:\/\/aitia.fr\/erd\/wp-json\/wp\/v2\/categories?post=16303"},{"taxonomy":"post_tag","embeddable":true,"href":"https:\/\/aitia.fr\/erd\/wp-json\/wp\/v2\/tags?post=16303"}],"curies":[{"name":"wp","href":"https:\/\/api.w.org\/{rel}","templated":true}]}}