{"id":16285,"date":"2020-10-25T18:43:41","date_gmt":"2020-10-25T17:43:41","guid":{"rendered":"https:\/\/aitia.fr\/erd\/?p=16285"},"modified":"2020-10-25T18:43:41","modified_gmt":"2020-10-25T17:43:41","slug":"amendes-ou-prison-en-irlande-pour-les-pretres-qui-celebreront-publiquement-la-messe-le-blog-de-jeanne-smits","status":"publish","type":"post","link":"https:\/\/aitia.fr\/erd\/amendes-ou-prison-en-irlande-pour-les-pretres-qui-celebreront-publiquement-la-messe-le-blog-de-jeanne-smits\/","title":{"rendered":"Amendes ou prison en Irlande pour les pr\u00eatres <br>qui c\u00e9l\u00e9breront publiquement la messe <br>(Le blog de Jeanne Smits)"},"content":{"rendered":"<p style=\"text-align: justify;\"><img decoding=\"async\" loading=\"lazy\" class=\"alignleft size-full wp-image-16287\" src=\"https:\/\/aitia.fr\/erd\/wp-content\/uploads\/2020\/10\/Our_Lady_of_Guadalupe.jpg\" alt=\"\" width=\"450\" height=\"324\" srcset=\"https:\/\/aitia.fr\/erd\/wp-content\/uploads\/2020\/10\/Our_Lady_of_Guadalupe.jpg 450w, https:\/\/aitia.fr\/erd\/wp-content\/uploads\/2020\/10\/Our_Lady_of_Guadalupe-300x216.jpg 300w\" sizes=\"(max-width: 450px) 100vw, 450px\" \/>[<em>Note de l&#8217;administrateur de ce blog : ceux qui pensent encore qu&#8217;il ne s&#8217;agit que d&#8217;une crise sanitaire devraient y r\u00e9fl\u00e9chir \u00e0 deux fois. <\/em><\/p>\n<p style=\"text-align: justify;\"><em>Les supermarch\u00e9s ne sont pas ferm\u00e9s en Irlande&#8230;<\/em>]<\/p>\n<hr \/>\n<p style=\"text-align: justify;\">Aux termes d\u2019une nouvelle loi vot\u00e9e dans la nuit de jeudi \u00e0 vendredi en Irlande, les pr\u00eatres c\u00e9l\u00e9brant publiquement la messe <a href=\"https:\/\/www.lifesitenews.com\/news\/new-irish-law-banning-gatherings-threatens-prison-for-priests-who-say-mass\" target=\"_blank\" rel=\"noopener noreferrer\">encourent une amende de 2.500 euros ou 6 mois d\u2019emprisonnement<\/a> dans le cadre de nouvelles mesures \u00ab anti-COVID \u00bb.<\/p>\n<p style=\"text-align: justify;\">Voici l\u2019\u00e9tat actuel de la courbe des d\u00e9c\u00e8s attribu\u00e9s au COVID-19 en Irlande depuis le mois de mars.<\/p>\n<p style=\"text-align: justify;\"><img decoding=\"async\" loading=\"lazy\" class=\"aligncenter size-large wp-image-16286\" src=\"https:\/\/aitia.fr\/erd\/wp-content\/uploads\/2020\/10\/deces-COVID-Irlande-2020-10-25-1024x622.png\" alt=\"\" width=\"700\" height=\"425\" srcset=\"https:\/\/aitia.fr\/erd\/wp-content\/uploads\/2020\/10\/deces-COVID-Irlande-2020-10-25-1024x622.png 1024w, https:\/\/aitia.fr\/erd\/wp-content\/uploads\/2020\/10\/deces-COVID-Irlande-2020-10-25-300x182.png 300w, https:\/\/aitia.fr\/erd\/wp-content\/uploads\/2020\/10\/deces-COVID-Irlande-2020-10-25-768x467.png 768w, https:\/\/aitia.fr\/erd\/wp-content\/uploads\/2020\/10\/deces-COVID-Irlande-2020-10-25-600x365.png 600w, https:\/\/aitia.fr\/erd\/wp-content\/uploads\/2020\/10\/deces-COVID-Irlande-2020-10-25.png 1316w\" sizes=\"(max-width: 700px) 100vw, 700px\" \/><\/p>\n<p style=\"text-align: justify;\">La mesure s\u2019applique en fait \u00e0 tout ministre du culte ou organisateur d\u2019\u00e9v\u00e9nement public, sans cibler sp\u00e9cifiquement les catholiques, mais en pratique ce sont bien s\u00fbr les catholiques qui sont les premiers vis\u00e9s. Seules les obs\u00e8ques sont permises, avec une assistance maximale de 25 personnes hormis le c\u00e9l\u00e9brant.<\/p>\n<p><a href=\"https:\/\/leblogdejeannesmits.blogspot.com\/2020\/10\/amendes-ou-prison-en-irlande-pour-les.html\" target=\"_blank\" rel=\"noopener noreferrer\">Continuer la lecture sur le blog de Jeanne Smits \u2192<\/a><\/p>\n","protected":false},"excerpt":{"rendered":"<p>[Note de l&#8217;administrateur de ce blog : ceux qui pensent encore qu&#8217;il ne s&#8217;agit que d&#8217;une crise sanitaire devraient y r\u00e9fl\u00e9chir \u00e0 deux fois. Les supermarch\u00e9s ne sont pas ferm\u00e9s en Irlande&#8230;] Aux termes d\u2019une nouvelle loi vot\u00e9e dans la nuit de jeudi \u00e0 vendredi en Irlande, les pr\u00eatres c\u00e9l\u00e9brant publiquement la messe encourent une [&hellip;]<\/p>\n","protected":false},"author":1,"featured_media":0,"comment_status":"open","ping_status":"open","sticky":false,"template":"","format":"standard","meta":[],"categories":[4,134,29],"tags":[723,1542,126,1960,1961,1959],"_links":{"self":[{"href":"https:\/\/aitia.fr\/erd\/wp-json\/wp\/v2\/posts\/16285"}],"collection":[{"href":"https:\/\/aitia.fr\/erd\/wp-json\/wp\/v2\/posts"}],"about":[{"href":"https:\/\/aitia.fr\/erd\/wp-json\/wp\/v2\/types\/post"}],"author":[{"embeddable":true,"href":"https:\/\/aitia.fr\/erd\/wp-json\/wp\/v2\/users\/1"}],"replies":[{"embeddable":true,"href":"https:\/\/aitia.fr\/erd\/wp-json\/wp\/v2\/comments?post=16285"}],"version-history":[{"count":5,"href":"https:\/\/aitia.fr\/erd\/wp-json\/wp\/v2\/posts\/16285\/revisions"}],"predecessor-version":[{"id":16292,"href":"https:\/\/aitia.fr\/erd\/wp-json\/wp\/v2\/posts\/16285\/revisions\/16292"}],"wp:attachment":[{"href":"https:\/\/aitia.fr\/erd\/wp-json\/wp\/v2\/media?parent=16285"}],"wp:term":[{"taxonomy":"category","embeddable":true,"href":"https:\/\/aitia.fr\/erd\/wp-json\/wp\/v2\/categories?post=16285"},{"taxonomy":"post_tag","embeddable":true,"href":"https:\/\/aitia.fr\/erd\/wp-json\/wp\/v2\/tags?post=16285"}],"curies":[{"name":"wp","href":"https:\/\/api.w.org\/{rel}","templated":true}]}}