{"id":16277,"date":"2020-10-25T09:34:12","date_gmt":"2020-10-25T08:34:12","guid":{"rendered":"https:\/\/aitia.fr\/erd\/?p=16277"},"modified":"2020-10-25T09:34:12","modified_gmt":"2020-10-25T08:34:12","slug":"une-gifle-cinglante-pour-la-coalition-occidentale-general-delawarde","status":"publish","type":"post","link":"https:\/\/aitia.fr\/erd\/une-gifle-cinglante-pour-la-coalition-occidentale-general-delawarde\/","title":{"rendered":"Une gifle cinglante pour la \u00ab coalition occidentale \u00bb (G\u00e9n\u00e9ral Delawarde)"},"content":{"rendered":"<div id=\"attachment_16278\" style=\"width: 410px\" class=\"wp-caption alignleft\"><img aria-describedby=\"caption-attachment-16278\" decoding=\"async\" loading=\"lazy\" class=\"wp-image-16278 size-full\" src=\"https:\/\/aitia.fr\/erd\/wp-content\/uploads\/2020\/10\/Evo-Morales-Luis-Arce.jpg\" alt=\"Evo Morales, lorsqu\u2019il \u00e9tait pr\u00e9sident, &lt;br&gt;avec son dauphin, Luis Arce.\" width=\"400\" height=\"300\" srcset=\"https:\/\/aitia.fr\/erd\/wp-content\/uploads\/2020\/10\/Evo-Morales-Luis-Arce.jpg 400w, https:\/\/aitia.fr\/erd\/wp-content\/uploads\/2020\/10\/Evo-Morales-Luis-Arce-300x225.jpg 300w, https:\/\/aitia.fr\/erd\/wp-content\/uploads\/2020\/10\/Evo-Morales-Luis-Arce-80x60.jpg 80w\" sizes=\"(max-width: 400px) 100vw, 400px\" \/><p id=\"caption-attachment-16278\" class=\"wp-caption-text\">Evo Morales, lorsqu\u2019il \u00e9tait pr\u00e9sident, <br \/>avec son dauphin, Luis Arce.<\/p><\/div>\n<p style=\"text-align: justify;\">[<em>Note de l&#8217;administrateur de ce blog : le g\u00e9n\u00e9ral Dominique Delawarde, ayant port\u00e9 l&#8217;uniforme de 1959 \u00e0 2005, est notamment l&#8217;ancien <span class=\"paragraph\">chef du bureau \u00ab Situation-Renseignement-Guerre \u00e9lectronique\u00bb \u00e0 l&#8217;\u00e9tat major Interarm\u00e9es de Planification Op\u00e9rationnelle<\/span>, <span class=\"paragraph\">le plus haut \u00e9tat major de planification de niveau national impliquant l&#8217;Arm\u00e9e de Terre, l&#8217;Arm\u00e9e de l&#8217;Air, la Marine et la Gendarmerie Nationale (e<\/span>xtrait d&#8217;une courte biographie <a href=\"https:\/\/www.association-eclat.fr\/delawarde-dominique-E92.html\" target=\"_blank\" rel=\"noopener noreferrer\">sur cette page<\/a>).<\/em><\/p>\n<p style=\"text-align: justify;\"><em>PS : il faudrait peut-\u00eatre se demander ce que le pr\u00e9sident-dictateur emmanuel micron entendait par &#8220;penser printemps&#8221;, ce que &#8220;nous&#8221; d\u00e9signait dans l&#8217;expression &#8220;nous sommes en guerre&#8221;, ainsi que contre qui ce &#8220;nous&#8221; est en guerre.<\/em>]<\/p>\n<hr \/>\n<p style=\"text-align: justify;\"><strong>L\u2019\u00e9lection pr\u00e9sidentielle de 2020 en Bolivie a confirm\u00e9 d\u00e8s le premier tour que la majorit\u00e9 des \u00e9lecteurs soutiennent le MAS, le parti d\u2019Evo Morales\u2026 Pourtant c\u2019est ce m\u00eame parti qui avait \u00e9t\u00e9 accus\u00e9 par des putchistes d\u2019avoir truqu\u00e9 l\u2019\u00e9lection pr\u00e9sidentielle, il y a un an, en 2019.<\/strong><\/p>\n<p class=\"lettrine\" style=\"text-align: justify;\">Le 20 octobre 2019, le pr\u00e9sident Evo Morales avait remport\u00e9 le premier tour de l\u2019\u00e9lection pr\u00e9sidentielle bolivienne avec 47,08\u00a0% des voix, contre 36,51\u00a0% pour Carlos Mesa, son opposant pro-US et pro-occidental. La constitution bolivienne pr\u00e9voit qu\u2019en cas d\u2019obtention de plus de 40\u00a0% des voix avec un \u00e9cart entre deux candidats d\u00e9passant les 10\u00a0points, celui qui est en t\u00eate est \u00e9lu d\u00e8s le premier tour. Le Tribunal supr\u00eame \u00e9lectoral avait donc proclam\u00e9 Evo Morales vainqueur.<\/p>\n<p style=\"text-align: justify;\">Comme ils le font souvent quand ils perdent (Bolivie, Venezuela, Bi\u00e9lorussie r\u00e9cemment) les candidats pro-occidentaux, soutenus par leurs \u00c9tats sponsors de la \u00ab\u00a0coalition occidentale\u00a0\u00bb, conduits par les USA, hurlent \u00e0 la fraude \u00e9lectorale et tentent d\u2019inverser le r\u00e9sultat des urnes par des d\u00e9sordres de rue, avec le soutien et l\u2019ing\u00e9rence politique, m\u00e9diatique, diplomatique et parfois militaire des USA, de l\u2019Union Europ\u00e9enne et du trio infernal si\u00e9geant au Conseil \u00ab\u00a0dit\u00a0\u00bb de s\u00e9curit\u00e9 de l\u2019Onu, trio \u00ab\u00a0semeur de chaos\u00a0\u00bb sur la plan\u00e8te, par ses actions d\u2019ing\u00e9rence\u00a0: (USA, Royaume-Uni, France). C\u2019est ce que l\u2019on appelle pudiquement en Occident des op\u00e9rations de \u00ab\u00a0changement de r\u00e9gime\u00a0\u00bb, des r\u00e9volutions \u00ab\u00a0color\u00e9es\u00a0\u00bb, voire m\u00eame des \u00ab\u00a0printemps\u00a0\u00bb.<\/p>\n<p><a href=\"https:\/\/www.voltairenet.org\/article211316.html\" target=\"_blank\" rel=\"noopener noreferrer\">Continuer la lecture sur le R\u00e9seau Voltaire \u2192<\/a><\/p>\n<p>&nbsp;<\/p>\n","protected":false},"excerpt":{"rendered":"<p>[Note de l&#8217;administrateur de ce blog : le g\u00e9n\u00e9ral Dominique Delawarde, ayant port\u00e9 l&#8217;uniforme de 1959 \u00e0 2005, est notamment l&#8217;ancien chef du bureau \u00ab Situation-Renseignement-Guerre \u00e9lectronique\u00bb \u00e0 l&#8217;\u00e9tat major Interarm\u00e9es de Planification Op\u00e9rationnelle, le plus haut \u00e9tat major de planification de niveau national impliquant l&#8217;Arm\u00e9e de Terre, l&#8217;Arm\u00e9e de l&#8217;Air, la Marine et la [&hellip;]<\/p>\n","protected":false},"author":1,"featured_media":0,"comment_status":"open","ping_status":"open","sticky":false,"template":"","format":"standard","meta":[],"categories":[4,134,29],"tags":[1953,1958,70,1954,1957,1955,869,1956],"_links":{"self":[{"href":"https:\/\/aitia.fr\/erd\/wp-json\/wp\/v2\/posts\/16277"}],"collection":[{"href":"https:\/\/aitia.fr\/erd\/wp-json\/wp\/v2\/posts"}],"about":[{"href":"https:\/\/aitia.fr\/erd\/wp-json\/wp\/v2\/types\/post"}],"author":[{"embeddable":true,"href":"https:\/\/aitia.fr\/erd\/wp-json\/wp\/v2\/users\/1"}],"replies":[{"embeddable":true,"href":"https:\/\/aitia.fr\/erd\/wp-json\/wp\/v2\/comments?post=16277"}],"version-history":[{"count":6,"href":"https:\/\/aitia.fr\/erd\/wp-json\/wp\/v2\/posts\/16277\/revisions"}],"predecessor-version":[{"id":16284,"href":"https:\/\/aitia.fr\/erd\/wp-json\/wp\/v2\/posts\/16277\/revisions\/16284"}],"wp:attachment":[{"href":"https:\/\/aitia.fr\/erd\/wp-json\/wp\/v2\/media?parent=16277"}],"wp:term":[{"taxonomy":"category","embeddable":true,"href":"https:\/\/aitia.fr\/erd\/wp-json\/wp\/v2\/categories?post=16277"},{"taxonomy":"post_tag","embeddable":true,"href":"https:\/\/aitia.fr\/erd\/wp-json\/wp\/v2\/tags?post=16277"}],"curies":[{"name":"wp","href":"https:\/\/api.w.org\/{rel}","templated":true}]}}