{"id":16266,"date":"2020-10-25T09:34:27","date_gmt":"2020-10-25T08:34:27","guid":{"rendered":"https:\/\/aitia.fr\/erd\/?p=16266"},"modified":"2020-10-25T09:34:27","modified_gmt":"2020-10-25T08:34:27","slug":"covid-19-point-de-situation-du-samedi-24-octobre-0h00-gmt-general-delawarde","status":"publish","type":"post","link":"https:\/\/aitia.fr\/erd\/covid-19-point-de-situation-du-samedi-24-octobre-0h00-gmt-general-delawarde\/","title":{"rendered":"COVID-19 : Point de situation du Samedi 24 octobre 0h00 GMT (G\u00e9n\u00e9ral Delawarde)"},"content":{"rendered":"<p style=\"text-align: justify;\"><img decoding=\"async\" loading=\"lazy\" class=\"alignleft wp-image-16270 size-full\" src=\"https:\/\/aitia.fr\/erd\/wp-content\/uploads\/2020\/10\/General-D.-Delawarde.jpg\" alt=\"\" width=\"334\" height=\"269\" srcset=\"https:\/\/aitia.fr\/erd\/wp-content\/uploads\/2020\/10\/General-D.-Delawarde.jpg 334w, https:\/\/aitia.fr\/erd\/wp-content\/uploads\/2020\/10\/General-D.-Delawarde-300x242.jpg 300w\" sizes=\"(max-width: 334px) 100vw, 334px\" \/>[<em>Note de l&#8217;administrateur de ce blog : le <a href=\"https:\/\/www.association-eclat.fr\/delawarde-dominique-E92.html\" target=\"_blank\" rel=\"noopener noreferrer\">g\u00e9n\u00e9ral Dominique Delawarde<\/a> n&#8217;est pas seulement un auteur et conf\u00e9rencier tr\u00e8s au fait de la politique internationale, il r\u00e9dige \u00e9galement deux fois par mois des points de situation sur la &#8220;pand\u00e9mie&#8221; COVID-19 qu&#8217;il communique \u00e0 ses correspondants sous forme d&#8217;un document au format PDF.<\/em><\/p>\n<p style=\"text-align: justify;\"><em>Je vous propose donc ce document en t\u00e9l\u00e9chargement, o\u00f9 vous pourrez notamment remarquer :<\/em><\/p>\n<ul>\n<li style=\"text-align: justify;\"><em>que la Su\u00e8de, pays qui n&#8217;a pas confin\u00e9 sa population et donc pas ruin\u00e9 son \u00e9conomie ni rendu ch\u00e8vres ses habitants, est sortie d&#8217;affaire (<a href=\"https:\/\/ig.ft.com\/coronavirus-chart\/?areas=swe&amp;areas=fra&amp;areasRegional=usny&amp;areasRegional=usca&amp;areasRegional=usfl&amp;areasRegional=ustx&amp;byDate=0&amp;cumulative=0&amp;logScale=0&amp;perMillion=1&amp;values=deaths\" target=\"_blank\" rel=\"noopener noreferrer\">voir ici une comparaison avec la France<\/a>) et qu&#8217;au plus fort de l&#8217;\u00e9pid\u00e9mie sa mortalit\u00e9 hebdomadaire totale restait <strong>inf\u00e9rieure<\/strong> \u00e0 celles des ann\u00e9es 1988, 1993, 1996 et 2000 ;<\/em><\/li>\n<li style=\"text-align: justify;\"><em>que dans ce pays, environ 16% des morts recens\u00e9s avec l&#8217;\u00e9tiquette &#8220;COVID-19&#8221; sont \u00e0 imputer \u00e0 cette maladie comme seule cause ;<\/em><\/li>\n<li style=\"text-align: justify;\"><em>qu&#8217;au niveau mondial, depuis le d\u00e9but 2020 les d\u00e9c\u00e8s &#8220;avec&#8221; COVID-19 se situent juste au dessus de ceux des accidents de la circulation (mais avec un \u00e2ge moyen de d\u00e9c\u00e8s incomparablement plus \u00e9lev\u00e9) et nettement en dessous de ceux li\u00e9s au tabac ou \u00e0 l&#8217;alcool ;<\/em><\/li>\n<li style=\"text-align: justify;\"><em>que ce sont globalement les pays les plus pauvres, et vraisemblablement les moins soumis \u00e0 la d\u00e9sinformation et aux promesses mirobolantes (pour leurs chiffres d&#8217;affaires) des laboratoires pharmaceutiques, qui s&#8217;en sortent le mieux et de loin ;<\/em><\/li>\n<li style=\"text-align: justify;\"><em>qu&#8217;historiquement, la <a href=\"https:\/\/fr.wikipedia.org\/wiki\/Grippe_asiatique\" target=\"_blank\" rel=\"noopener noreferrer\">grippe &#8220;asiatique&#8221; de 1956-1958<\/a> et celle <a href=\"https:\/\/fr.wikipedia.org\/wiki\/Grippe_de_Hong_Kong\" target=\"_blank\" rel=\"noopener noreferrer\">&#8220;de Hong Kong&#8221; de 1968-1970<\/a> firent bien plus de victimes en pourcentage de la population mondiale sans susciter une pareille hyst\u00e9rie ;<\/em><\/li>\n<li style=\"text-align: justify;\"><em>et bien s\u00fbr, que la France fait partie des <strong>tr\u00e8s<\/strong> mauvais \u00e9l\u00e8ves dans la gestion de cette pand\u00e9mie.<\/em><\/li>\n<\/ul>\n<p><em>Bonne lecture ! (cliquer sur l&#8217;image pour t\u00e9l\u00e9charger le document)<\/em>]<\/p>\n<hr \/>\n<p><a href=\"https:\/\/aitia.fr\/erd\/wp-content\/uploads\/2020\/10\/Point-de-situation-Covid-du-24-Octobre.pdf\" target=\"_blank\" rel=\"noopener noreferrer\"><img decoding=\"async\" loading=\"lazy\" class=\"aligncenter wp-image-16268\" src=\"https:\/\/aitia.fr\/erd\/wp-content\/uploads\/2020\/10\/point-de-situation-COVID-19-2020-10-24-799x1024.png\" alt=\"\" width=\"600\" height=\"769\" srcset=\"https:\/\/aitia.fr\/erd\/wp-content\/uploads\/2020\/10\/point-de-situation-COVID-19-2020-10-24-799x1024.png 799w, https:\/\/aitia.fr\/erd\/wp-content\/uploads\/2020\/10\/point-de-situation-COVID-19-2020-10-24-234x300.png 234w, https:\/\/aitia.fr\/erd\/wp-content\/uploads\/2020\/10\/point-de-situation-COVID-19-2020-10-24-768x984.png 768w, https:\/\/aitia.fr\/erd\/wp-content\/uploads\/2020\/10\/point-de-situation-COVID-19-2020-10-24-600x769.png 600w, https:\/\/aitia.fr\/erd\/wp-content\/uploads\/2020\/10\/point-de-situation-COVID-19-2020-10-24.png 816w\" sizes=\"(max-width: 600px) 100vw, 600px\" \/><\/a><\/p>\n","protected":false},"excerpt":{"rendered":"<p>[Note de l&#8217;administrateur de ce blog : le g\u00e9n\u00e9ral Dominique Delawarde n&#8217;est pas seulement un auteur et conf\u00e9rencier tr\u00e8s au fait de la politique internationale, il r\u00e9dige \u00e9galement deux fois par mois des points de situation sur la &#8220;pand\u00e9mie&#8221; COVID-19 qu&#8217;il communique \u00e0 ses correspondants sous forme d&#8217;un document au format PDF. Je vous propose [&hellip;]<\/p>\n","protected":false},"author":1,"featured_media":0,"comment_status":"open","ping_status":"open","sticky":false,"template":"","format":"standard","meta":[],"categories":[4,134,3,9,29],"tags":[1561,1542,985,1192,48,1546,1932,1952],"_links":{"self":[{"href":"https:\/\/aitia.fr\/erd\/wp-json\/wp\/v2\/posts\/16266"}],"collection":[{"href":"https:\/\/aitia.fr\/erd\/wp-json\/wp\/v2\/posts"}],"about":[{"href":"https:\/\/aitia.fr\/erd\/wp-json\/wp\/v2\/types\/post"}],"author":[{"embeddable":true,"href":"https:\/\/aitia.fr\/erd\/wp-json\/wp\/v2\/users\/1"}],"replies":[{"embeddable":true,"href":"https:\/\/aitia.fr\/erd\/wp-json\/wp\/v2\/comments?post=16266"}],"version-history":[{"count":7,"href":"https:\/\/aitia.fr\/erd\/wp-json\/wp\/v2\/posts\/16266\/revisions"}],"predecessor-version":[{"id":16276,"href":"https:\/\/aitia.fr\/erd\/wp-json\/wp\/v2\/posts\/16266\/revisions\/16276"}],"wp:attachment":[{"href":"https:\/\/aitia.fr\/erd\/wp-json\/wp\/v2\/media?parent=16266"}],"wp:term":[{"taxonomy":"category","embeddable":true,"href":"https:\/\/aitia.fr\/erd\/wp-json\/wp\/v2\/categories?post=16266"},{"taxonomy":"post_tag","embeddable":true,"href":"https:\/\/aitia.fr\/erd\/wp-json\/wp\/v2\/tags?post=16266"}],"curies":[{"name":"wp","href":"https:\/\/api.w.org\/{rel}","templated":true}]}}