{"id":16242,"date":"2020-10-23T10:48:56","date_gmt":"2020-10-23T08:48:56","guid":{"rendered":"https:\/\/aitia.fr\/erd\/?p=16242"},"modified":"2020-10-31T14:08:22","modified_gmt":"2020-10-31T13:08:22","slug":"covid-19-rt-pcr-ou-comment-enfumer-toute-lhumanite","status":"publish","type":"post","link":"https:\/\/aitia.fr\/erd\/covid-19-rt-pcr-ou-comment-enfumer-toute-lhumanite\/","title":{"rendered":"COVID-19 : RT-PCR ou comment enfumer toute l\u2019humanit\u00e9 (Dr Pascal Sacr\u00e9)"},"content":{"rendered":"<p style=\"text-align: justify;\"><img decoding=\"async\" loading=\"lazy\" class=\"size-full wp-image-16244 alignleft\" src=\"https:\/\/aitia.fr\/erd\/wp-content\/uploads\/2020\/10\/RT-PCR-pre\u0301paration-s.jpeg\" alt=\"\" width=\"384\" height=\"256\" srcset=\"https:\/\/aitia.fr\/erd\/wp-content\/uploads\/2020\/10\/RT-PCR-pre\u0301paration-s.jpeg 384w, https:\/\/aitia.fr\/erd\/wp-content\/uploads\/2020\/10\/RT-PCR-pre\u0301paration-s-300x200.jpeg 300w\" sizes=\"(max-width: 384px) 100vw, 384px\" \/>[<em>Note de l&#8217;administrateur de ce blog : attention, article technique (mais d&#8217;une technicit\u00e9 n\u00e9cessaire).<\/em><\/p>\n<p style=\"text-align: justify;\"><em> Le Dr Pascal Sacr\u00e9 est un vrai m\u00e9decin (anesth\u00e9siste-r\u00e9animateur, <a href=\"https:\/\/www.aimsib.org\/2020\/10\/05\/voyage-dun-reanimateur-au-centre-de-la-covid-19\/\" target=\"_blank\" rel=\"noopener noreferrer\">connaissant tr\u00e8s bien la COVID-19<\/a>), pas un animateur de plateaux t\u00e9l\u00e9s, un vendeur d&#8217;\u00e9tudes foireuses ou un gestionnaire d&#8217;actions pour laboratoires pharmaceutiques. <\/em><\/p>\n<p style=\"text-align: justify;\"><em>Ce n&#8217;est qu&#8217;en enfon\u00e7ant le coin au fond le la plaie du mensonge que celui-ci appara\u00eetra aux yeux de tous, et n&#8217;aura finalement plus aucun pouvoir de nuisance. On retiendra en particulier ce passage :<br \/>\n<\/em><\/p>\n<blockquote>\n<p style=\"text-align: justify;\">Comme je l\u2019ai pr\u00e9cis\u00e9 en d\u00e9but d\u2019article, en m\u00e9decine, nous partons toujours de la personne : nous l\u2019examinons, nous collectons ses sympt\u00f4mes (plaintes-anamn\u00e8se) et ses signes cliniques objectifs (examen) et sur base d\u2019une r\u00e9flexion clinique dans laquelle interviennent les connaissances scientifiques et l\u2019exp\u00e9rience, nous posons des hypoth\u00e8ses diagnostiques.<\/p>\n<p style=\"text-align: justify;\">Ce n\u2019est qu\u2019ensuite que nous prescrivons les tests les plus appropri\u00e9s, en fonction de cette r\u00e9flexion clinique.<\/p>\n<p style=\"text-align: justify;\">Nous comparons en permanence les r\u00e9sultats des tests \u00e0 <strong>l\u2019\u00e9tat clinique<\/strong> (sympt\u00f4mes et signes) du patient qui <strong>prime sur tout le reste<\/strong> quant \u00e0 nos d\u00e9cisions et nos traitements.<\/p>\n<p style=\"text-align: justify;\">Aujourd\u2019hui, nos gouvernements appuy\u00e9s par leurs conseils scientifiques de s\u00e9curit\u00e9 nous font faire le contraire et mettent le test en premier, suivi d\u2019une r\u00e9flexion clinique forc\u00e9ment influenc\u00e9e par ce test pr\u00e9alable dont nous venons de voir les faiblesses, notamment son hypersensibilit\u00e9.<\/p>\n<\/blockquote>\n<p><\/p>\n<p style=\"text-align: justify;\"><em>D\u00e9tail de vocabulaire : le &#8220;RT&#8221; de &#8220;RT-PCR&#8221; signifie g\u00e9n\u00e9ralement &#8220;<a href=\"https:\/\/fr.wikipedia.org\/wiki\/R%C3%A9action_en_cha%C3%AEne_par_polym%C3%A9rase#Apr%C3%A8s_transcription_inverse\" target=\"_blank\" rel=\"noopener noreferrer\">Reverse Transcription<\/a>&#8221; et non &#8220;Real Time&#8221; comme l&#8217;\u00e9crit le Dr Sacr\u00e9, mais la &#8220;<a href=\"https:\/\/en.wikipedia.org\/wiki\/Real-time_polymerase_chain_reaction\" target=\"_blank\" rel=\"noopener noreferrer\">Real Time Polymerase Chain Reaction<\/a>&#8221; existe bel et bien et c&#8217;est elle, dont l&#8217;abr\u00e9viation la plus fr\u00e9quente est &#8220;qPCR&#8221; pour &#8220;Quantitative Polymerase Chain Reaction&#8221;, qui sert aux diagnostics de la COVID-19 (voir <a href=\"https:\/\/www.mediterranee-infection.com\/wp-content\/uploads\/2020\/03\/COVID-IHU-2-1.pdf\" target=\"_blank\" rel=\"noopener noreferrer\">ici un des premiers articles<\/a> de l&#8217;IHU M\u00e9diterran\u00e9e Infection)&#8230; o\u00f9 elle est d&#8217;ailleurs associ\u00e9e \u00e0 une transcription inverse et s&#8217;appelle donc en r\u00e9alit\u00e9 RT-qPCR !<\/em>]<\/p>\n<hr \/>\n<h2>Introduction\u00a0: utilisation d\u2019une technique pour verrouiller la soci\u00e9t\u00e9<\/h2>\n<p style=\"text-align: justify;\">Toute la propagande actuelle sur la pand\u00e9mie COVID-19 repose sur un postulat consid\u00e9r\u00e9 comme \u00e9vident, vrai et qui n\u2019est plus remis en question\u00a0:<\/p>\n<p style=\"text-align: justify;\"><strong>Test RT-PCR positif veut dire \u00eatre malade du COVID. Ce postulat est trompeur.<\/strong><\/p>\n<p style=\"text-align: justify;\">Tr\u00e8s peu de gens, y compris chez les m\u00e9decins, comprennent comment un test PCR fonctionne.<\/p>\n<p style=\"text-align: justify;\">RT-PCR signifie <strong>R<\/strong>eal <strong>T<\/strong>ime-Polymerase <strong>C<\/strong>hain <strong>R<\/strong>eaction.<\/p>\n<p style=\"text-align: justify;\">En fran\u00e7ais, cela veut dire\u00a0: R\u00e9action de Polym\u00e9risation en Cha\u00eene en Temps R\u00e9el.<\/p>\n<p style=\"text-align: justify;\">En m\u00e9decine, nous utilisons cet outil principalement pour faire le diagnostic d\u2019une infection virale.<\/p>\n<p style=\"text-align: justify;\">En partant d\u2019une situation clinique avec pr\u00e9sence ou non de sympt\u00f4mes particuliers chez un patient, nous envisageons diff\u00e9rents diagnostics en nous basant sur des tests.<\/p>\n<p style=\"text-align: justify;\">Dans le cas de certaines infections, notamment virales, nous utilisons la technique RT-PCR pour confirmer une hypoth\u00e8se diagnostique sugg\u00e9r\u00e9e par un tableau clinique.<\/p>\n<p style=\"text-align: justify;\"><strong>Nous ne faisons pas d\u2019office une RT-PCR \u00e0 tout patient qui chauffe, qui tousse ou qui pr\u00e9sente un syndrome inflammatoire\u00a0!<\/strong><b> <\/b><\/p>\n<p style=\"text-align: justify;\">C\u2019est une technique de laboratoire, de biologie mol\u00e9culaire d\u2019amplification g\u00e9nique car elle recherche des traces g\u00e9niques (ADN ou ARN) en les amplifiant.<\/p>\n<p style=\"text-align: justify;\">En plus de la m\u00e9decine, les autres champs d\u2019applications sont la g\u00e9n\u00e9tique, la recherche, l\u2019industrie et l\u2019expertise judiciaire.<\/p>\n<p style=\"text-align: justify;\">La technique est r\u00e9alis\u00e9e dans un <strong>laboratoire sp\u00e9cialis\u00e9<\/strong>, elle ne peut pas \u00eatre faite dans n\u2019importe quel laboratoire, m\u00eame hospitalier. Cela entra\u00eene un certain co\u00fbt, et un d\u00e9lai parfois de plusieurs jours entre le pr\u00e9l\u00e8vement et le r\u00e9sultat.<\/p>\n<p style=\"text-align: justify;\">Aujourd\u2019hui, depuis l\u2019\u00e9mergence de la nouvelle maladie appel\u00e9e <strong>COVID-19<\/strong> (<strong>CO<\/strong>rona <strong>VI<\/strong>rus <strong>D<\/strong>isease-20<strong>19<\/strong>), la technique de diagnostic RT-PCR est utilis\u00e9e pour d\u00e9finir des cas positifs, confirm\u00e9s au SRAS-CoV-2 (coronavirus responsable du nouveau syndrome de d\u00e9tresse respiratoire aigu appel\u00e9 COVID-19).<\/p>\n<p style=\"text-align: justify;\">Ces cas positifs sont assimil\u00e9s \u00e0 des cas COVID-19, \u00e0 des <strong>malades<\/strong> dont certains sont hospitalis\u00e9s, voire admis en r\u00e9animation.<\/p>\n<p style=\"text-align: justify;\">Postulat officiel de nos dirigeants\u00a0: cas RT-PCR positifs = malades COVID-19. [1]<\/p>\n<p style=\"text-align: justify;\">C\u2019est le postulat de d\u00e9part, la pr\u00e9misse de toute la propagande officielle qui justifie toutes les mesures gouvernementales\u00a0contraignantes : isolement, confinement, quarantaine, port du masque obligatoire, codes couleurs par pays et interdictions de voyager, tracking [tra\u00e7age], distances sociales dans les entreprises, les magasins et m\u00eame, voire surtout, dans les \u00e9coles [2].<\/p>\n<p style=\"text-align: justify;\">Cette utilisation abusive de la technique RT-PCR est employ\u00e9e comme une <strong>strat\u00e9gie implacable et intentionnelle par certains gouvernements<\/strong>, appuy\u00e9s par des conseils scientifiques de s\u00e9curit\u00e9 et par les m\u00e9dias dominants, <strong>pour justifier des mesures excessives<\/strong> comme la violation d\u2019un grand nombre de droits constitutionnels, la destruction de l\u2019\u00e9conomie avec la mise en faillite de pans entiers des secteurs actifs de la soci\u00e9t\u00e9, la d\u00e9gradation des conditions de vie pour un grand nombre de citoyens ordinaires, sous pr\u00e9texte d\u2019une pand\u00e9mie <strong>qui se base sur un nombre de tests RT-PCR positifs, et non sur un nombre de malades r\u00e9els<\/strong>.<\/p>\n<p><a href=\"https:\/\/www.mondialisation.ca\/covid-19-rt-pcr-ou-comment-enfumer-toute-lhumanite\/5650143\" target=\"_blank\" rel=\"noopener noreferrer\">Continuer la lecture sur Mondialisation.ca \u2192<\/a><\/p>\n","protected":false},"excerpt":{"rendered":"<p>[Note de l&#8217;administrateur de ce blog : attention, article technique (mais d&#8217;une technicit\u00e9 n\u00e9cessaire). Le Dr Pascal Sacr\u00e9 est un vrai m\u00e9decin (anesth\u00e9siste-r\u00e9animateur, connaissant tr\u00e8s bien la COVID-19), pas un animateur de plateaux t\u00e9l\u00e9s, un vendeur d&#8217;\u00e9tudes foireuses ou un gestionnaire d&#8217;actions pour laboratoires pharmaceutiques. Ce n&#8217;est qu&#8217;en enfon\u00e7ant le coin au fond le la [&hellip;]<\/p>\n","protected":false},"author":1,"featured_media":0,"comment_status":"open","ping_status":"open","sticky":false,"template":"","format":"standard","meta":[],"categories":[134,3,29,6],"tags":[1950,1542,1557,20,1951,1945,1948,1947,1949,1946],"_links":{"self":[{"href":"https:\/\/aitia.fr\/erd\/wp-json\/wp\/v2\/posts\/16242"}],"collection":[{"href":"https:\/\/aitia.fr\/erd\/wp-json\/wp\/v2\/posts"}],"about":[{"href":"https:\/\/aitia.fr\/erd\/wp-json\/wp\/v2\/types\/post"}],"author":[{"embeddable":true,"href":"https:\/\/aitia.fr\/erd\/wp-json\/wp\/v2\/users\/1"}],"replies":[{"embeddable":true,"href":"https:\/\/aitia.fr\/erd\/wp-json\/wp\/v2\/comments?post=16242"}],"version-history":[{"count":21,"href":"https:\/\/aitia.fr\/erd\/wp-json\/wp\/v2\/posts\/16242\/revisions"}],"predecessor-version":[{"id":16395,"href":"https:\/\/aitia.fr\/erd\/wp-json\/wp\/v2\/posts\/16242\/revisions\/16395"}],"wp:attachment":[{"href":"https:\/\/aitia.fr\/erd\/wp-json\/wp\/v2\/media?parent=16242"}],"wp:term":[{"taxonomy":"category","embeddable":true,"href":"https:\/\/aitia.fr\/erd\/wp-json\/wp\/v2\/categories?post=16242"},{"taxonomy":"post_tag","embeddable":true,"href":"https:\/\/aitia.fr\/erd\/wp-json\/wp\/v2\/tags?post=16242"}],"curies":[{"name":"wp","href":"https:\/\/api.w.org\/{rel}","templated":true}]}}