{"id":16175,"date":"2020-10-14T21:04:45","date_gmt":"2020-10-14T19:04:45","guid":{"rendered":"https:\/\/aitia.fr\/erd\/?p=16175"},"modified":"2020-10-14T21:04:45","modified_gmt":"2020-10-14T19:04:45","slug":"pro-masque-versus-anti-masque-une-dialectique-sterile-dr-fouche-medecin-anesthesiste-reanimateur","status":"publish","type":"post","link":"https:\/\/aitia.fr\/erd\/pro-masque-versus-anti-masque-une-dialectique-sterile-dr-fouche-medecin-anesthesiste-reanimateur\/","title":{"rendered":"Pro-masque versus Anti-masque, une dialectique st\u00e9rile ! (Dr Fouch\u00e9, m\u00e9decin anesth\u00e9siste-r\u00e9animateur)"},"content":{"rendered":"<p style=\"text-align: justify;\">[<em>Note de l&#8217;administrateur de ce blog : encore une courte vid\u00e9o du Dr Fouch\u00e9, qui date d&#8217;un mois, mais qui est plus que jamais d&#8217;actualit\u00e9. La st\u00e9rile dialectique pro\/anti (que ce soit \u00e0 propos du masque ou d&#8217;autres sujets) n&#8217;a en effet aucun sens d&#8217;un point de vue scientifique, et n&#8217;est que le signe d&#8217;un abrutissement g\u00e9n\u00e9ralis\u00e9 voulu par des media qui sont le c\u0153ur du probl\u00e8me.<\/em>]<\/p>\n<hr \/>\n<p style=\"text-align: center;\"><iframe loading=\"lazy\" src=\"https:\/\/www.youtube.com\/embed\/W3RkHV-t2bc\" width=\"560\" height=\"315\" frameborder=\"0\" allowfullscreen=\"allowfullscreen\"><\/iframe><\/p>\n","protected":false},"excerpt":{"rendered":"<p>[Note de l&#8217;administrateur de ce blog : encore une courte vid\u00e9o du Dr Fouch\u00e9, qui date d&#8217;un mois, mais qui est plus que jamais d&#8217;actualit\u00e9. La st\u00e9rile dialectique pro\/anti (que ce soit \u00e0 propos du masque ou d&#8217;autres sujets) n&#8217;a en effet aucun sens d&#8217;un point de vue scientifique, et n&#8217;est que le signe d&#8217;un [&hellip;]<\/p>\n","protected":false},"author":1,"featured_media":0,"comment_status":"open","ping_status":"open","sticky":false,"template":"","format":"video","meta":[],"categories":[29,6],"tags":[1542,1929,1882,48,1932,12],"_links":{"self":[{"href":"https:\/\/aitia.fr\/erd\/wp-json\/wp\/v2\/posts\/16175"}],"collection":[{"href":"https:\/\/aitia.fr\/erd\/wp-json\/wp\/v2\/posts"}],"about":[{"href":"https:\/\/aitia.fr\/erd\/wp-json\/wp\/v2\/types\/post"}],"author":[{"embeddable":true,"href":"https:\/\/aitia.fr\/erd\/wp-json\/wp\/v2\/users\/1"}],"replies":[{"embeddable":true,"href":"https:\/\/aitia.fr\/erd\/wp-json\/wp\/v2\/comments?post=16175"}],"version-history":[{"count":2,"href":"https:\/\/aitia.fr\/erd\/wp-json\/wp\/v2\/posts\/16175\/revisions"}],"predecessor-version":[{"id":16177,"href":"https:\/\/aitia.fr\/erd\/wp-json\/wp\/v2\/posts\/16175\/revisions\/16177"}],"wp:attachment":[{"href":"https:\/\/aitia.fr\/erd\/wp-json\/wp\/v2\/media?parent=16175"}],"wp:term":[{"taxonomy":"category","embeddable":true,"href":"https:\/\/aitia.fr\/erd\/wp-json\/wp\/v2\/categories?post=16175"},{"taxonomy":"post_tag","embeddable":true,"href":"https:\/\/aitia.fr\/erd\/wp-json\/wp\/v2\/tags?post=16175"}],"curies":[{"name":"wp","href":"https:\/\/api.w.org\/{rel}","templated":true}]}}