{"id":16154,"date":"2020-10-10T21:37:03","date_gmt":"2020-10-10T19:37:03","guid":{"rendered":"https:\/\/aitia.fr\/erd\/?p=16154"},"modified":"2020-10-11T10:29:19","modified_gmt":"2020-10-11T08:29:19","slug":"reanimation-et-covid-quelques-points-saillants-dr-louis-fouche-ihu-marseille","status":"publish","type":"post","link":"https:\/\/aitia.fr\/erd\/reanimation-et-covid-quelques-points-saillants-dr-louis-fouche-ihu-marseille\/","title":{"rendered":"R\u00e9animation et COVID \u2013 quelques points saillants ! <br>(Dr Louis Fouch\u00e9 &#8211; IHU Marseille)"},"content":{"rendered":"<p style=\"text-align: justify;\">[<em>Note de l&#8217;administrateur de ce blog : la confrontation rationnelle au r\u00e9el ou les d\u00e9lires hors-sol d&#8217;experts irresponsables et jamais coupables, c&#8217;est le moment de choisir. Je vous laisse d\u00e9couvrir ce que le Dr Fouchet appelle les &#8220;grandes usines \u00e0 fabriquer du PQ&#8221;, mais sachez que je connais bien ce dont il parle.<\/em><\/p>\n<p style=\"text-align: justify;\"><em>On \u00e9coutera aussi avec attention ce que le Dr Fouch\u00e9 dit des malades &#8220;class\u00e9s COVID&#8221; en raison d&#8217;une politique de tests &#8220;d\u00e9lirante&#8221;, mais pour lesquels la COVID-19 n&#8217;est pas le probl\u00e8me, \u00e0 partir de 17:44<\/em>.]<\/p>\n<hr \/>\n<p style=\"text-align: center;\"><iframe loading=\"lazy\" src=\"https:\/\/www.youtube.com\/embed\/r1hOyShXHak\" width=\"640\" height=\"360\" frameborder=\"0\" allowfullscreen=\"allowfullscreen\"><span style=\"display: inline-block; width: 0px; overflow: hidden; line-height: 0;\" data-mce-type=\"bookmark\" class=\"mce_SELRES_start\">\ufeff<\/span><\/iframe><\/p>\n","protected":false},"excerpt":{"rendered":"<p>[Note de l&#8217;administrateur de ce blog : la confrontation rationnelle au r\u00e9el ou les d\u00e9lires hors-sol d&#8217;experts irresponsables et jamais coupables, c&#8217;est le moment de choisir. Je vous laisse d\u00e9couvrir ce que le Dr Fouchet appelle les &#8220;grandes usines \u00e0 fabriquer du PQ&#8221;, mais sachez que je connais bien ce dont il parle. On \u00e9coutera [&hellip;]<\/p>\n","protected":false},"author":1,"featured_media":0,"comment_status":"open","ping_status":"open","sticky":false,"template":"","format":"video","meta":[],"categories":[134,133,6],"tags":[1542,1556,1929,48,1546,1928],"_links":{"self":[{"href":"https:\/\/aitia.fr\/erd\/wp-json\/wp\/v2\/posts\/16154"}],"collection":[{"href":"https:\/\/aitia.fr\/erd\/wp-json\/wp\/v2\/posts"}],"about":[{"href":"https:\/\/aitia.fr\/erd\/wp-json\/wp\/v2\/types\/post"}],"author":[{"embeddable":true,"href":"https:\/\/aitia.fr\/erd\/wp-json\/wp\/v2\/users\/1"}],"replies":[{"embeddable":true,"href":"https:\/\/aitia.fr\/erd\/wp-json\/wp\/v2\/comments?post=16154"}],"version-history":[{"count":4,"href":"https:\/\/aitia.fr\/erd\/wp-json\/wp\/v2\/posts\/16154\/revisions"}],"predecessor-version":[{"id":16159,"href":"https:\/\/aitia.fr\/erd\/wp-json\/wp\/v2\/posts\/16154\/revisions\/16159"}],"wp:attachment":[{"href":"https:\/\/aitia.fr\/erd\/wp-json\/wp\/v2\/media?parent=16154"}],"wp:term":[{"taxonomy":"category","embeddable":true,"href":"https:\/\/aitia.fr\/erd\/wp-json\/wp\/v2\/categories?post=16154"},{"taxonomy":"post_tag","embeddable":true,"href":"https:\/\/aitia.fr\/erd\/wp-json\/wp\/v2\/tags?post=16154"}],"curies":[{"name":"wp","href":"https:\/\/api.w.org\/{rel}","templated":true}]}}