{"id":16147,"date":"2020-10-06T13:41:25","date_gmt":"2020-10-06T11:41:25","guid":{"rendered":"https:\/\/aitia.fr\/erd\/?p=16147"},"modified":"2020-10-06T13:41:25","modified_gmt":"2020-10-06T11:41:25","slug":"seconde-vague-politique-sanitaire-a-court-darguments-blachier-insulte-le-pr-toussaint-er","status":"publish","type":"post","link":"https:\/\/aitia.fr\/erd\/seconde-vague-politique-sanitaire-a-court-darguments-blachier-insulte-le-pr-toussaint-er\/","title":{"rendered":"Seconde vague, politique sanitaire : \u00e0 court d\u2019arguments, Blachier insulte le Pr Toussaint (E&#038;R)"},"content":{"rendered":"<p style=\"text-align: justify;\">[<em>Note de l&#8217;administrateur de ce blog : pour perp\u00e9tuer un mensonge, il n&#8217;y a pas d&#8217;autre solution que d&#8217;en ajouter d&#8217;autres. Jusqu&#8217;\u00e0 ce que l&#8217;ensemble \u00e9clate (ou que la pyramide s&#8217;\u00e9croule, au choix). Merci au Dr Blachier (un <a href=\"https:\/\/www.ph-expertise.com\/notre-equipe\" target=\"_blank\" rel=\"noopener noreferrer\">docteur sans patients<\/a>, mais tr\u00e8s fort <a href=\"https:\/\/www.youtube.com\/watch?v=vzEJjhtSevQ\" target=\"_blank\" rel=\"noopener noreferrer\">en franglais<\/a>) pour cette superbe d\u00e9monstration.<\/em>]<\/p>\n<hr \/>\n<p style=\"text-align: justify;\"><strong>R\u00e9jouissant, et logique\u00a0: le Syst\u00e8me a beau envoyer contre les Toubiana, Perronne, Raoult et Toussaint ses petits soldats, ils reviennent tous ab\u00eem\u00e9s apr\u00e8s confrontation. On pr\u00e9dit \u00e0 Blachier un avenir \u00e0 la Karine Lacombe, c\u2019est-\u00e0-dire le retour dans les poubelles de l\u2019histoire de la t\u00e9l\u00e9. Au suivant\u00a0! <\/strong><\/p>\n<p style=\"text-align: justify;\">Nous sommes chez Laurence Ferrari, sur CNews, le 5 octobre 2020. Les Dr Blachier et Pr Toussaint, qui se sont d\u00e9j\u00e0 rencontr\u00e9s, remontent sur le ring. Dans une joute verbale, celui qui perd ses nerfs perd le match. Finkielkraut peut en t\u00e9moigner, lui qui avait perdu les siens et toute dignit\u00e9 devant Dafri\u00a0:<\/p>\n<p style=\"text-align: center;\"><iframe loading=\"lazy\" src=\"https:\/\/www.youtube.com\/embed\/hDvfg63Auv4\" width=\"640\" height=\"360\" frameborder=\"0\" allowfullscreen=\"allowfullscreen\"><span style=\"display: inline-block; width: 0px; overflow: hidden; line-height: 0;\" data-mce-type=\"bookmark\" class=\"mce_SELRES_start\">\ufeff<\/span><\/iframe><\/p>\n<p>Devant les arguments en b\u00e9ton du Pr Toussaint, au tour du Dr Blachier de faire une <i>Finky<\/i>.<\/p>\n<blockquote class=\"spip\">\n<p style=\"text-align: justify;\"><strong>Blachier <\/strong>\u00a0: \u00ab\u00a0Si on porte tous un masque, on ne risque pas d\u2019avoir une envol\u00e9e \u00e9pid\u00e9mique qui fait qu\u2019on risque d\u2019avoir des services hospitaliers qui sont pleins, puisqu\u2019en fait le probl\u00e8me de ce virus, c\u2019est le probl\u00e8me hospitalier. Aujourd\u2019hui y a quand m\u00eame un tiers des places en r\u00e9animation en \u00cele-de-France qui sont occup\u00e9es par des patients.\u00a0\u00bb<\/p>\n<p style=\"text-align: justify;\"><strong>Toussaint <\/strong>\u00a0: \u00ab\u00a0Et pourquoi\u00a0? Pourquoi\u00a0? Parce que les places sont diminu\u00e9es\u00a0! Alors que pendant l\u2019\u00e9t\u00e9&#8230;\u00a0\u00bb<\/p>\n<p style=\"text-align: justify;\"><strong>Blachier <\/strong>\u00a0: \u00ab\u00a0Pourquoi vous dites n\u2019importe quoi tout le temps, vous m\u00e9langez tout, vous faites un esp\u00e8ce de magma&#8230;\u00a0\u00bb<\/p>\n<p style=\"text-align: justify;\"><strong>Toussaint<\/strong>\u00a0: \u00ab\u00a0Comment se fait-il que le d\u00e9nominateur des places ait diminu\u00e9\u00a0? Si ce n\u2019est \u00e0 ce moment-l\u00e0 pour faire augmenter le seuil&#8230;\u00a0\u00bb<\/p>\n<\/blockquote>\n<p>&nbsp;<br \/>\n<a href=\"https:\/\/www.egaliteetreconciliation.fr\/Seconde-vague-politique-sanitaire-a-court-d-arguments-Blachier-insulte-le-Pr-Toussaint-61175.html\" target=\"_blank\" rel=\"noopener noreferrer\">Continuer la lecture (et voir la vid\u00e9o) sur \u00c9galit\u00e9 &amp; R\u00e9conciliation \u2192<\/a><\/p>\n","protected":false},"excerpt":{"rendered":"<p>[Note de l&#8217;administrateur de ce blog : pour perp\u00e9tuer un mensonge, il n&#8217;y a pas d&#8217;autre solution que d&#8217;en ajouter d&#8217;autres. Jusqu&#8217;\u00e0 ce que l&#8217;ensemble \u00e9clate (ou que la pyramide s&#8217;\u00e9croule, au choix). Merci au Dr Blachier (un docteur sans patients, mais tr\u00e8s fort en franglais) pour cette superbe d\u00e9monstration.] R\u00e9jouissant, et logique\u00a0: le Syst\u00e8me [&hellip;]<\/p>\n","protected":false},"author":1,"featured_media":0,"comment_status":"open","ping_status":"open","sticky":false,"template":"","format":"standard","meta":[],"categories":[4,134,133,29],"tags":[1927,1542,1828,1873,1925,1924,1926],"_links":{"self":[{"href":"https:\/\/aitia.fr\/erd\/wp-json\/wp\/v2\/posts\/16147"}],"collection":[{"href":"https:\/\/aitia.fr\/erd\/wp-json\/wp\/v2\/posts"}],"about":[{"href":"https:\/\/aitia.fr\/erd\/wp-json\/wp\/v2\/types\/post"}],"author":[{"embeddable":true,"href":"https:\/\/aitia.fr\/erd\/wp-json\/wp\/v2\/users\/1"}],"replies":[{"embeddable":true,"href":"https:\/\/aitia.fr\/erd\/wp-json\/wp\/v2\/comments?post=16147"}],"version-history":[{"count":4,"href":"https:\/\/aitia.fr\/erd\/wp-json\/wp\/v2\/posts\/16147\/revisions"}],"predecessor-version":[{"id":16151,"href":"https:\/\/aitia.fr\/erd\/wp-json\/wp\/v2\/posts\/16147\/revisions\/16151"}],"wp:attachment":[{"href":"https:\/\/aitia.fr\/erd\/wp-json\/wp\/v2\/media?parent=16147"}],"wp:term":[{"taxonomy":"category","embeddable":true,"href":"https:\/\/aitia.fr\/erd\/wp-json\/wp\/v2\/categories?post=16147"},{"taxonomy":"post_tag","embeddable":true,"href":"https:\/\/aitia.fr\/erd\/wp-json\/wp\/v2\/tags?post=16147"}],"curies":[{"name":"wp","href":"https:\/\/api.w.org\/{rel}","templated":true}]}}