{"id":16103,"date":"2020-10-03T07:00:46","date_gmt":"2020-10-03T05:00:46","guid":{"rendered":"https:\/\/aitia.fr\/erd\/?p=16103"},"modified":"2020-10-03T00:45:22","modified_gmt":"2020-10-02T22:45:22","slug":"raison-garder","status":"publish","type":"post","link":"https:\/\/aitia.fr\/erd\/raison-garder\/","title":{"rendered":"Raison garder"},"content":{"rendered":"<p style=\"text-align: justify;\"><a href=\"https:\/\/www.egaliteetreconciliation.fr\/Non-rien-61090.html\" target=\"_blank\" rel=\"noopener noreferrer\"><img decoding=\"async\" loading=\"lazy\" class=\"alignleft wp-image-16127\" src=\"https:\/\/aitia.fr\/erd\/wp-content\/uploads\/2020\/10\/totalitatariste-d624c.jpg\" alt=\"\" width=\"450\" height=\"325\" srcset=\"https:\/\/aitia.fr\/erd\/wp-content\/uploads\/2020\/10\/totalitatariste-d624c.jpg 650w, https:\/\/aitia.fr\/erd\/wp-content\/uploads\/2020\/10\/totalitatariste-d624c-300x216.jpg 300w, https:\/\/aitia.fr\/erd\/wp-content\/uploads\/2020\/10\/totalitatariste-d624c-600x433.jpg 600w\" sizes=\"(max-width: 450px) 100vw, 450px\" \/><\/a>Cet article aurait fort bien pu s&#8217;intituler &#8220;la froideur des chiffres&#8221;. L&#8217;\u00e9poque \u00e9tant aux manipulations \u00e9motionnelles, j&#8217;ai pens\u00e9 qu&#8217;il \u00e9tait de salubrit\u00e9 publique de pr\u00e9senter sous une forme graphique et aussi lisible que possible quelques donn\u00e9es incontestables, \u00e0 produire \u00e0 tous les <a href=\"https:\/\/aitia.fr\/erd\/nouvelle-religion-le-covidisme-karim-duval\/\" target=\"_blank\" rel=\"noopener noreferrer\">covidistes plus ou moins mod\u00e9r\u00e9s<\/a> qui sont pr\u00eats \u00e0 appeler la police (ou \u00e0 la faire eux-m\u00eames) d\u00e8s qu&#8217;ils voient l&#8217;amorce d&#8217;une narine \u00e9merger d&#8217;un masque. \u00c0 tous ceux qui arr\u00eatent de vivre \u00e0 force d&#8217;avoir peur de mourir. Et bien s\u00fbr, \u00e0 nos gouvernants qui prennent <em>pour notre bien<\/em> des mesures qui font passer la Cor\u00e9e du Nord pour le pays de la douceur de vivre.<\/p>\n<p style=\"text-align: justify;\">Les donn\u00e9es, c&#8217;est bien mais \u00e7a se manipule, \u00e7a s&#8217;interpr\u00e8te en fonction du message que l&#8217;on veut faire passer. On l&#8217;a vu avec les chiffres des morts &#8220;de&#8221; la COVID-19, bien plus souvent des morts &#8220;avec&#8221; la COVID-19, puisque m\u00eame l&#8217;administration am\u00e9ricaine des <em>Centers for Disease Control<\/em> reconna\u00eet tr\u00e8s officiellement que <a href=\"https:\/\/www.cdc.gov\/nchs\/nvss\/vsrr\/covid_weekly\/index.htm?fbclid=IwAR1A0cnUguvr_pvSFTiYbmRmHwgweg-gQUeBeL1VWIoSogGaXmNp7XnJGIY#Comorbidities\" target=\"_blank\" rel=\"noopener noreferrer\">pour seulement 6% des morts &#8220;classifi\u00e9s COVID-19&#8221; aucune autre cause n&#8217;\u00e9tait indiqu\u00e9e<\/a>. Cela fait quand m\u00eame 94% des morts estampill\u00e9s COVID-19 aux USA qui avaient d&#8217;autres raisons de mourir.<\/p>\n<p style=\"text-align: justify;\">Gr\u00e2ce aux efforts p\u00e9dagogiques de <a href=\"https:\/\/www.youtube.com\/watch?v=TIKgNhiT36E\" target=\"_blank\" rel=\"noopener noreferrer\">m\u00e9decins<\/a> et <a href=\"https:\/\/www.youtube.com\/watch?v=xcU8AVLlTQA\" target=\"_blank\" rel=\"noopener noreferrer\">chercheurs<\/a> int\u00e8gres, tout le monde a \u00e9galement compris aujourd&#8217;hui que l&#8217;envol\u00e9e &#8220;exponentielle&#8221; de l&#8217;\u00e9pid\u00e9mie depuis la fin de l&#8217;\u00e9t\u00e9 n&#8217;\u00e9tait qu&#8217;une envol\u00e9e de &#8220;cas positifs&#8221;, pas de malades, et que parmi ces cas beaucoup n&#8217;ont absolument aucune signification clinique, les tests \u00e9tant \u00e0 la fois imparfaitement sp\u00e9cifiques (il leur arrive de r\u00e9agir \u00e0 autre chose que ce \u00e0 quoi ils devraient) et trop sensibles (pouss\u00e9e au maximum, la technique est capable de d\u00e9tecter des traces ne pr\u00e9sentant plus aucun danger).<\/p>\n<p style=\"text-align: justify;\">Oui, mais quand m\u00eame, meugleront les covid\u00e9s, on a connu une h\u00e9catombe en mars et avril, et il ne faudrait pas que \u00e7a recommence par la faute de dangereux laxistes pr\u00eats \u00e0 sacrifier leur prochain pour le plaisir \u00e9ph\u00e9m\u00e8re d&#8217;aller mater des matchs de foot entre potes au bar en \u00e9clusant des bi\u00e8res. Ah bon, une h\u00e9catombe d&#8217;ampleur inconnue en temps de paix, en \u00eates-vous s\u00fbrs ? La France n&#8217;a donc jamais connu de pareille crise sanitaire dans son histoire r\u00e9cente (depuis la deuxi\u00e8me guerre mondiale, pour faire simple) ? V\u00e9rifions-le, pour voir.<\/p>\n<p><!--more--><\/p>\n<p style=\"text-align: justify;\">Afin de s&#8217;affranchir au maximum des manipulations possibles, voire des al\u00e9as des classifications, toujours imparfaites et \u00e9ventuellement changeantes au cours du temps et des modes, int\u00e9ressons-nous seulement au nombre <strong>total<\/strong> des d\u00e9c\u00e8s en France, que par chance nous pouvons consulter <a href=\"https:\/\/www.insee.fr\/fr\/statistiques\/series\/103039135?INDICATEUR=2772340\" target=\"_blank\" rel=\"noopener noreferrer\">sur le site de l&#8217;INSEE<\/a>. Car apr\u00e8s tout, si une crise sanitaire est aussi in\u00e9dite qu&#8217;on le pr\u00e9tend, au point qu&#8217;un croque-mort officiel se soit senti oblig\u00e9 de venir nous informer quotidiennement des monceaux de cadavres qui encombrent les morgues, cela doit se voir dans la mortalit\u00e9 g\u00e9n\u00e9rale d&#8217;une population.<\/p>\n<p style=\"text-align: justify;\">L&#8217;INSEE propose des s\u00e9ries chronologiques annuelles ou mensuelles, concernant la France m\u00e9tropolitaine ou \u00e9tendue \u00e0 l&#8217;outre-mer. Seule <a href=\"https:\/\/www.insee.fr\/fr\/statistiques\/serie\/000436394\" target=\"_blank\" rel=\"noopener noreferrer\">la France m\u00e9tropolitaine<\/a> est concern\u00e9e par les s\u00e9ries les plus longues, remontant jusqu&#8217;en janvier 1946 et se terminant \u2013 au moment o\u00f9 je r\u00e9dige l&#8217;article \u2013 en ao\u00fbt 2020. On peut m\u00eame tracer soi-m\u00eame des courbes \u00e0 l&#8217;aide de l&#8217;outil interactif disponible ; attention toutefois \u00e0 bien les interpr\u00e9ter : l&#8217;\u00e9chelle des ordonn\u00e9es est automatique et ne fait pas appara\u00eetre le z\u00e9ro, ce qui tend \u00e0 rendre visuellement les fluctuations de mortalit\u00e9 plus importantes qu&#8217;elles ne sont. C&#8217;est la raison pour laquelle j&#8217;ai choisi de t\u00e9l\u00e9charger les donn\u00e9es afin de tracer moi-m\u00eame des courbes.<\/p>\n<p>Commen\u00e7ons par un graphe de la mortalit\u00e9 mensuelle pour ces quatre derni\u00e8res ann\u00e9es :<\/p>\n<div id=\"attachment_16112\" style=\"width: 714px\" class=\"wp-caption aligncenter\"><a href=\"https:\/\/aitia.fr\/erd\/wp-content\/uploads\/2020\/10\/deces-2016-2020.png\" target=\"_blank\" rel=\"noopener noreferrer\"><img aria-describedby=\"caption-attachment-16112\" decoding=\"async\" loading=\"lazy\" class=\"wp-image-16112 size-full\" src=\"https:\/\/aitia.fr\/erd\/wp-content\/uploads\/2020\/10\/deces-2016-2020-r.png\" alt=\"D\u00e9c\u00e8s mensuels en France m\u00e9tropolitaine de 2016 \u00e0 ao\u00fbt 2020 &lt;br&gt;(cliquer sur l'image pour une grande version).\" width=\"704\" height=\"400\" srcset=\"https:\/\/aitia.fr\/erd\/wp-content\/uploads\/2020\/10\/deces-2016-2020-r.png 704w, https:\/\/aitia.fr\/erd\/wp-content\/uploads\/2020\/10\/deces-2016-2020-r-300x170.png 300w, https:\/\/aitia.fr\/erd\/wp-content\/uploads\/2020\/10\/deces-2016-2020-r-600x341.png 600w\" sizes=\"(max-width: 704px) 100vw, 704px\" \/><\/a><p id=\"caption-attachment-16112\" class=\"wp-caption-text\">D\u00e9c\u00e8s mensuels en France m\u00e9tropolitaine de 2016 \u00e0 ao\u00fbt 2020 <br \/>(cliquer sur l&#8217;image pour une grande version).<\/p><\/div>\n<p style=\"text-align: justify;\">La crise sanitaire de la COVID-19 est nettement visible, en mars et avril 2020&#8230; mais sa mortalit\u00e9 n&#8217;appara\u00eet pas vraiment incommensurable avec celle de l&#8217;hiver 2016-2017, qui avait connu une s\u00e9v\u00e8re \u00e9pid\u00e9mie de grippe. Et pour \u00eatre pr\u00e9cis, la mortalit\u00e9 en avril 2020 (pic de l&#8217;\u00e9pid\u00e9mie) est m\u00eame <strong>inf\u00e9rieure \u00e0 celle de janvier 2017 !<\/strong> Voil\u00e0 une devinette \u00e0 placer dans les conversations entre coll\u00e8gues : &#8220;<em>\u00c0 ton avis, est-ce qu&#8217;on a eu plus de morts par mois en France (toutes causes confondues) au maximum de l&#8217;\u00e9pid\u00e9mie de grippe pendant l&#8217;hiver 2016-2017 ou au maximum de l&#8217;\u00e9pid\u00e9mie de COVID-19 ?<\/em>&#8221; Vous pouvez parier quelque chose, et me reverser 10% de commission.<\/p>\n<p>Continuons \u00e0 d\u00e9zoomer pour reculer jusqu&#8217;au d\u00e9but de notre si\u00e8cle :<\/p>\n<div id=\"attachment_16115\" style=\"width: 714px\" class=\"wp-caption aligncenter\"><a href=\"https:\/\/aitia.fr\/erd\/wp-content\/uploads\/2020\/10\/deces-2000-2020-annote.png\" target=\"_blank\" rel=\"noopener noreferrer\"><img aria-describedby=\"caption-attachment-16115\" decoding=\"async\" loading=\"lazy\" class=\"wp-image-16115 size-full\" src=\"https:\/\/aitia.fr\/erd\/wp-content\/uploads\/2020\/10\/deces-2000-2020-annote-r.png\" alt=\"D\u00e9c\u00e8s mensuels en France m\u00e9tropolitaine de 2000 \u00e0 ao\u00fbt 2020 &lt;br&gt;(cliquer sur l'image pour une grande version).\" width=\"704\" height=\"400\" srcset=\"https:\/\/aitia.fr\/erd\/wp-content\/uploads\/2020\/10\/deces-2000-2020-annote-r.png 704w, https:\/\/aitia.fr\/erd\/wp-content\/uploads\/2020\/10\/deces-2000-2020-annote-r-300x170.png 300w, https:\/\/aitia.fr\/erd\/wp-content\/uploads\/2020\/10\/deces-2000-2020-annote-r-600x341.png 600w\" sizes=\"(max-width: 704px) 100vw, 704px\" \/><\/a><p id=\"caption-attachment-16115\" class=\"wp-caption-text\">D\u00e9c\u00e8s mensuels en France m\u00e9tropolitaine de 2000 \u00e0 ao\u00fbt 2020 <br \/>(cliquer sur l&#8217;image pour une grande version).<\/p><\/div>\n<p style=\"text-align: justify;\">La succession plus ou moins r\u00e9guli\u00e8re des pics se poursuit, la mortalit\u00e9 \u00e9tant toujours plus \u00e9lev\u00e9e en hiver&#8230; \u00e0 l&#8217;exception de l&#8217;ann\u00e9e 2003 o\u00f9 une canicule a rabot\u00e9 la pyramide des \u00e2ges comme lors de notre crise sanitaire r\u00e9cente, avec cette fois un pic en ao\u00fbt. Les hivers 1999-2000 et 2008-2009 (ainsi que 2014-2015, avec un pic moins haut mais plus large) ont bien vu une surmortalit\u00e9 assez forte mais ni l&#8217;hiver 2016-2017 ni la pand\u00e9mie covidienne ne sont battus.<\/p>\n<p style=\"text-align: justify;\">Pour voir des choses plus int\u00e9ressantes, il faut d\u00e9zoomer encore. Reculons carr\u00e9ment jusqu&#8217;au d\u00e9but de la s\u00e9rie, soit le mois de janvier 1946 :<\/p>\n<div id=\"attachment_16117\" style=\"width: 714px\" class=\"wp-caption aligncenter\"><a href=\"https:\/\/aitia.fr\/erd\/wp-content\/uploads\/2020\/10\/deces-1946-2020-annote.png\" target=\"_blank\" rel=\"noopener noreferrer\"><img aria-describedby=\"caption-attachment-16117\" decoding=\"async\" loading=\"lazy\" class=\"wp-image-16117 size-full\" src=\"https:\/\/aitia.fr\/erd\/wp-content\/uploads\/2020\/10\/deces-1946-2020-annote-r.png\" alt=\"D\u00e9c\u00e8s mensuels en France m\u00e9tropolitaine de janvier 1946 \u00e0 ao\u00fbt 2020 &lt;br&gt;(cliquer sur l'image pour une grande version).\" width=\"704\" height=\"400\" srcset=\"https:\/\/aitia.fr\/erd\/wp-content\/uploads\/2020\/10\/deces-1946-2020-annote-r.png 704w, https:\/\/aitia.fr\/erd\/wp-content\/uploads\/2020\/10\/deces-1946-2020-annote-r-300x170.png 300w, https:\/\/aitia.fr\/erd\/wp-content\/uploads\/2020\/10\/deces-1946-2020-annote-r-600x341.png 600w\" sizes=\"(max-width: 704px) 100vw, 704px\" \/><\/a><p id=\"caption-attachment-16117\" class=\"wp-caption-text\">D\u00e9c\u00e8s mensuels en France m\u00e9tropolitaine de janvier 1946 \u00e0 ao\u00fbt 2020 <br \/>(cliquer sur l&#8217;image pour une grande version).<\/p><\/div>\n<p style=\"text-align: justify;\">L\u00e0, cela commence \u00e0 devenir int\u00e9ressant ! On constate en effet que jusqu&#8217;aux ann\u00e9es 1970, la mortalit\u00e9 hivernale pouvait avoir des sautes d&#8217;humeur parfois violentes. En prenant pour bases de comparaison les mois de mars et avril 2020 (61 500 et 65 700 morts, respectivement, soit un peu plus de 2 000 par jour en moyenne), j&#8217;ai not\u00e9 sur le graphe tous les mois qui d\u00e9passaient 61 500, d&#8217;abord sur fond jaune clair comme mars 2020, puis jaune fonc\u00e9 si le chiffre d\u00e9passait celui d&#8217;avril 2020, puis rose si les 70 000 morts \u00e9taient d\u00e9pass\u00e9s (avec la c\u00e9l\u00e8bre &#8220;<a href=\"https:\/\/fr.wikipedia.org\/wiki\/Grippe_de_Hong_Kong\" target=\"_blank\" rel=\"noopener noreferrer\">grippe de Hong Kong<\/a>&#8221; apparue en 1968 et ragaillardie en 1969), et enfin rouge pour le mois de janvier 1949, avec 87 961 morts soit <strong>un tiers de plus<\/strong> qu&#8217;en avril 2020&#8230;<\/p>\n<p style=\"text-align: justify;\">Il appara\u00eet donc clairement que rien ne permet, dans une approche rationnelle, de faire paniquer une population, de l&#8217;assigner \u00e0 r\u00e9sidence ou de la museler (mesures de toute fa\u00e7on sans base scientifique dans une optique sanitaire) en raison des dangers que ferait courir le nouveau virus. La France en a vu d&#8217;autres, et ne s&#8217;est pas arr\u00eat\u00e9 de travailler, de bouger ou de vivre pour autant.<\/p>\n<p style=\"text-align: justify;\">Mais, soyons un peu plus rigoureux&#8230; est-il bien raisonnable de comparer des chiffres bruts de mortalit\u00e9 sur 75 ans dans un pays qui, dans l&#8217;intervalle, a vu sa population sensiblement augmenter ? Eh bien&#8230; non. Pour que la comparaison ait tout son sens, il faut au minimum raisonner \u00e0 population constante, un peu comme lorsqu&#8217;on raisonne &#8220;en dollars constants&#8221; pour parler de l&#8217;\u00e9volution du prix du baril de p\u00e9trole. Qu&#8217;\u00e0 cela ne tienne : consultons <a href=\"https:\/\/fr.wikipedia.org\/wiki\/D%C3%A9mographie_de_la_France#%C3%89volution_d%C3%A9mographique\" target=\"_blank\" rel=\"noopener noreferrer\">les chiffres de la population fran\u00e7aise<\/a> (m\u00e9tropolitaine, puisque notre s\u00e9rie ne concerne pas l&#8217;outre-mer) et corrigeons les chiffres bruts de mortalit\u00e9 en les ramenant \u00e0 la population de 2020<span id='easy-footnote-1-16103' class='easy-footnote-margin-adjust'><\/span><span class='easy-footnote'><a href='https:\/\/aitia.fr\/erd\/raison-garder\/#easy-footnote-bottom-1-16103' title='Pour ce faire, une interpolation par un polyn\u00f4me d&amp;#8217;ordre 3 a \u00e9t\u00e9 r\u00e9alis\u00e9e pour estimer les chiffres des ann\u00e9es manquantes, mais c&amp;#8217;est un d\u00e9tail technique sans importance.'><sup>1<\/sup><\/a><\/span>. On obtient alors une nouvelle courbe nettement plus spectaculaire, sachant qu&#8217;en 1946 il n&#8217;y avait que 42 millions d&#8217;habitants en France m\u00e9tropolitaine contre 65 millions aujourd&#8217;hui, soit 55% de plus :<\/p>\n<div id=\"attachment_16122\" style=\"width: 714px\" class=\"wp-caption aligncenter\"><a href=\"https:\/\/aitia.fr\/erd\/wp-content\/uploads\/2020\/10\/deces-1946-2020-corriges-annotes.png\" target=\"_blank\" rel=\"noopener noreferrer\"><img aria-describedby=\"caption-attachment-16122\" decoding=\"async\" loading=\"lazy\" class=\"wp-image-16122 size-full\" src=\"https:\/\/aitia.fr\/erd\/wp-content\/uploads\/2020\/10\/deces-1946-2020-corriges-annotes-r.png\" alt=\"D\u00e9c\u00e8s mensuels en France m\u00e9tropolitaine de janvier 1946 \u00e0 ao\u00fbt 2020, en chiffres bruts (courbe rose) et &lt;br&gt;ramen\u00e9s \u00e0 la population de 2020 (courbe violette). Cliquer sur l'image pour obtenir une grande version.\" width=\"704\" height=\"400\" srcset=\"https:\/\/aitia.fr\/erd\/wp-content\/uploads\/2020\/10\/deces-1946-2020-corriges-annotes-r.png 704w, https:\/\/aitia.fr\/erd\/wp-content\/uploads\/2020\/10\/deces-1946-2020-corriges-annotes-r-300x170.png 300w, https:\/\/aitia.fr\/erd\/wp-content\/uploads\/2020\/10\/deces-1946-2020-corriges-annotes-r-600x341.png 600w\" sizes=\"(max-width: 704px) 100vw, 704px\" \/><\/a><p id=\"caption-attachment-16122\" class=\"wp-caption-text\">D\u00e9c\u00e8s mensuels en France m\u00e9tropolitaine de janvier 1946 \u00e0 ao\u00fbt 2020, en chiffres bruts (courbe rose) et <br \/>ramen\u00e9s \u00e0 la population de 2020 (courbe violette). Les valeurs sup\u00e9rieures \u00e0 100 000 pour la courbe violette ont \u00e9t\u00e9 indiqu\u00e9es (la grippe de Hong Kong en 1969, \u00e0 98 500, y est presque). <br \/>Cliquer sur l&#8217;image pour obtenir une grande version.<\/p><\/div>\n<p style=\"text-align: justify;\">Finalement, on se sent tout petits&#8230; en janvier 1949, relativement \u00e0 la population de l&#8217;\u00e9poque la mortalit\u00e9 <strong>\u00e9tait plus du double de ce qu&#8217;elle a \u00e9t\u00e9 en avril 2020 !<\/strong> Alors, coronavirus ou <a href=\"https:\/\/www.youtube.com\/watch?v=EZa3u_PlDsY\" target=\"_blank\" rel=\"noopener noreferrer\">couillonavirus<\/a> (ou <a href=\"https:\/\/www.youtube.com\/watch?v=MZVaRX5QvME\" target=\"_blank\" rel=\"noopener noreferrer\">connarovirus<\/a>) ? \u00c0 vous de voir, mais des chiffres sont des chiffres, et ceux-l\u00e0 sont plut\u00f4t robustes !<\/p>\n<p style=\"text-align: justify;\">PS : Une derni\u00e8re pr\u00e9cision avant de vous laisser. Pour \u00eatre tout \u00e0 fait rigoureux, il faudrait sans doute aussi tenir compte de la variation de la structure de la population de 1946 \u00e0 2020 (la pyramide des \u00e2ges \u00e9volue), et aussi de l&#8217;\u00e2ge auquel les morts surviennent, car la r\u00e9duction d&#8217;esp\u00e9rance de vie n&#8217;est pas la m\u00eame quand la personne qui d\u00e9c\u00e8de a 20 ans ou 90 ans. Mais l\u00e0, c&#8217;est vraiment du tripotage d&#8217;hym\u00e9nopt\u00e8res, et vu que la population fran\u00e7aise vieillit, et que l&#8217;\u00e2ge <a href=\"https:\/\/fr.wikipedia.org\/wiki\/Moyenne_arithm%C3%A9tique\" target=\"_blank\" rel=\"noopener noreferrer\">moyen<\/a> des morts <em>avec<\/em> le c*******virus <a href=\"https:\/\/www.lci.fr\/sante\/coronavirus-sante-publique-france-epidemie-l-age-moyen-des-victimes-du-covid-19-est-il-de-81-ans-2163463.html\" target=\"_blank\" rel=\"noopener noreferrer\">est de 81 ans<\/a> \u2013 et l&#8217;\u00e2ge <a href=\"https:\/\/fr.wikipedia.org\/wiki\/M%C3%A9diane\" target=\"_blank\" rel=\"noopener noreferrer\">m\u00e9dian<\/a> de 84 ans \u2013 \u00e7a ne risque pas de mettre en l&#8217;air ce qui pr\u00e9c\u00e8de.<\/p>\n","protected":false},"excerpt":{"rendered":"<p>Cet article aurait fort bien pu s&#8217;intituler &#8220;la froideur des chiffres&#8221;. L&#8217;\u00e9poque \u00e9tant aux manipulations \u00e9motionnelles, j&#8217;ai pens\u00e9 qu&#8217;il \u00e9tait de salubrit\u00e9 publique de pr\u00e9senter sous une forme graphique et aussi lisible que possible quelques donn\u00e9es incontestables, \u00e0 produire \u00e0 tous les covidistes plus ou moins mod\u00e9r\u00e9s qui sont pr\u00eats \u00e0 appeler la police (ou [&hellip;]<\/p>\n","protected":false},"author":1,"featured_media":0,"comment_status":"open","ping_status":"open","sticky":false,"template":"","format":"standard","meta":[],"categories":[4,3,29,6],"tags":[1521,1542,1524,985,1923,48,1922,1546,12,1134],"_links":{"self":[{"href":"https:\/\/aitia.fr\/erd\/wp-json\/wp\/v2\/posts\/16103"}],"collection":[{"href":"https:\/\/aitia.fr\/erd\/wp-json\/wp\/v2\/posts"}],"about":[{"href":"https:\/\/aitia.fr\/erd\/wp-json\/wp\/v2\/types\/post"}],"author":[{"embeddable":true,"href":"https:\/\/aitia.fr\/erd\/wp-json\/wp\/v2\/users\/1"}],"replies":[{"embeddable":true,"href":"https:\/\/aitia.fr\/erd\/wp-json\/wp\/v2\/comments?post=16103"}],"version-history":[{"count":30,"href":"https:\/\/aitia.fr\/erd\/wp-json\/wp\/v2\/posts\/16103\/revisions"}],"predecessor-version":[{"id":16144,"href":"https:\/\/aitia.fr\/erd\/wp-json\/wp\/v2\/posts\/16103\/revisions\/16144"}],"wp:attachment":[{"href":"https:\/\/aitia.fr\/erd\/wp-json\/wp\/v2\/media?parent=16103"}],"wp:term":[{"taxonomy":"category","embeddable":true,"href":"https:\/\/aitia.fr\/erd\/wp-json\/wp\/v2\/categories?post=16103"},{"taxonomy":"post_tag","embeddable":true,"href":"https:\/\/aitia.fr\/erd\/wp-json\/wp\/v2\/tags?post=16103"}],"curies":[{"name":"wp","href":"https:\/\/api.w.org\/{rel}","templated":true}]}}