{"id":16081,"date":"2020-09-29T13:43:14","date_gmt":"2020-09-29T11:43:14","guid":{"rendered":"https:\/\/aitia.fr\/erd\/?p=16081"},"modified":"2020-09-29T13:45:28","modified_gmt":"2020-09-29T11:45:28","slug":"pr-toussaint-raison-contre-propagande","status":"publish","type":"post","link":"https:\/\/aitia.fr\/erd\/pr-toussaint-raison-contre-propagande\/","title":{"rendered":"Pr Toussaint : raison contre propagande"},"content":{"rendered":"<p style=\"text-align: justify;\">[<em>Note de l&#8217;administrateur de ce blog : deux courtes vid\u00e9os (2:19 et 7:03, respectivement) tr\u00e8s d\u00e9monstratives de ce que peut \u00eatre une argumentation pos\u00e9e et rationnelle face \u00e0 un d\u00e9ferlement de propagande qui s&#8217;auto-d\u00e9truit \u00e0 force d&#8217;\u00eatre en roue libre. On pr\u00eatera notamment attention \u00e0 ce que dit le Pr Toussaint \u00e0 partir de 4:51 dans la seconde vid\u00e9o.<br \/>\n<\/em><\/p>\n<p style=\"text-align: justify;\"><em>Les non-abonn\u00e9s \u00e0 Gala ont le droit de savoir que Coralie Dubosc est la compagne d&#8217;Olivier V\u00e9ran (et qu&#8217;elle ne conna\u00eet strictement rien en m\u00e9decine, \u00e9tant juriste).<\/em>]<\/p>\n<hr \/>\n<p style=\"text-align: center;\"><iframe loading=\"lazy\" src=\"https:\/\/www.youtube.com\/embed\/P3LgUtkq2Qc\" width=\"640\" height=\"360\" frameborder=\"0\" allowfullscreen=\"allowfullscreen\"><\/iframe><\/p>\n<p style=\"text-align: center;\"><iframe loading=\"lazy\" src=\"https:\/\/www.youtube.com\/embed\/TIKgNhiT36E\" width=\"640\" height=\"360\" frameborder=\"0\" allowfullscreen=\"allowfullscreen\"><\/iframe><\/p>\n","protected":false},"excerpt":{"rendered":"<p>[Note de l&#8217;administrateur de ce blog : deux courtes vid\u00e9os (2:19 et 7:03, respectivement) tr\u00e8s d\u00e9monstratives de ce que peut \u00eatre une argumentation pos\u00e9e et rationnelle face \u00e0 un d\u00e9ferlement de propagande qui s&#8217;auto-d\u00e9truit \u00e0 force d&#8217;\u00eatre en roue libre. On pr\u00eatera notamment attention \u00e0 ce que dit le Pr Toussaint \u00e0 partir de 4:51 [&hellip;]<\/p>\n","protected":false},"author":1,"featured_media":0,"comment_status":"open","ping_status":"open","sticky":false,"template":"","format":"video","meta":[],"categories":[4,133,29],"tags":[127,1907,1542,1909,1873,1910,1911,1645,12,1908],"_links":{"self":[{"href":"https:\/\/aitia.fr\/erd\/wp-json\/wp\/v2\/posts\/16081"}],"collection":[{"href":"https:\/\/aitia.fr\/erd\/wp-json\/wp\/v2\/posts"}],"about":[{"href":"https:\/\/aitia.fr\/erd\/wp-json\/wp\/v2\/types\/post"}],"author":[{"embeddable":true,"href":"https:\/\/aitia.fr\/erd\/wp-json\/wp\/v2\/users\/1"}],"replies":[{"embeddable":true,"href":"https:\/\/aitia.fr\/erd\/wp-json\/wp\/v2\/comments?post=16081"}],"version-history":[{"count":7,"href":"https:\/\/aitia.fr\/erd\/wp-json\/wp\/v2\/posts\/16081\/revisions"}],"predecessor-version":[{"id":16088,"href":"https:\/\/aitia.fr\/erd\/wp-json\/wp\/v2\/posts\/16081\/revisions\/16088"}],"wp:attachment":[{"href":"https:\/\/aitia.fr\/erd\/wp-json\/wp\/v2\/media?parent=16081"}],"wp:term":[{"taxonomy":"category","embeddable":true,"href":"https:\/\/aitia.fr\/erd\/wp-json\/wp\/v2\/categories?post=16081"},{"taxonomy":"post_tag","embeddable":true,"href":"https:\/\/aitia.fr\/erd\/wp-json\/wp\/v2\/tags?post=16081"}],"curies":[{"name":"wp","href":"https:\/\/api.w.org\/{rel}","templated":true}]}}