{"id":16078,"date":"2020-09-28T23:20:27","date_gmt":"2020-09-28T21:20:27","guid":{"rendered":"https:\/\/aitia.fr\/erd\/?p=16078"},"modified":"2020-09-28T23:20:53","modified_gmt":"2020-09-28T21:20:53","slug":"adresse-a-m-olivier-veran-ministre-de-la-sante-jean-dominique-michel","status":"publish","type":"post","link":"https:\/\/aitia.fr\/erd\/adresse-a-m-olivier-veran-ministre-de-la-sante-jean-dominique-michel\/","title":{"rendered":"Adresse \u00e0 M. Olivier V\u00e9ran Ministre de la sant\u00e9 <br>(Jean-Dominique Michel)"},"content":{"rendered":"<p>[<em>Note de l&#8217;administrateur de ce blog : quand les fous ont pris les cl\u00e9s de l&#8217;asile, la meilleure fa\u00e7on de r\u00e9gler le probl\u00e8me n&#8217;est pas de se trouver des raisons pour leur ressembler.<\/em>]<\/p>\n<hr \/>\n<p style=\"text-align: center;\"><iframe loading=\"lazy\" src=\"https:\/\/www.youtube.com\/embed\/joVZA9gvVBg\" width=\"640\" height=\"360\" frameborder=\"0\" allowfullscreen=\"allowfullscreen\"><span style=\"display: inline-block; width: 0px; overflow: hidden; line-height: 0;\" data-mce-type=\"bookmark\" class=\"mce_SELRES_start\">\ufeff<\/span><\/iframe><\/p>\n","protected":false},"excerpt":{"rendered":"<p>[Note de l&#8217;administrateur de ce blog : quand les fous ont pris les cl\u00e9s de l&#8217;asile, la meilleure fa\u00e7on de r\u00e9gler le probl\u00e8me n&#8217;est pas de se trouver des raisons pour leur ressembler.] \ufeff<\/p>\n","protected":false},"author":1,"featured_media":0,"comment_status":"open","ping_status":"open","sticky":false,"template":"","format":"video","meta":[],"categories":[4,133,3,29],"tags":[1542,1906,1684,48,1645,141],"_links":{"self":[{"href":"https:\/\/aitia.fr\/erd\/wp-json\/wp\/v2\/posts\/16078"}],"collection":[{"href":"https:\/\/aitia.fr\/erd\/wp-json\/wp\/v2\/posts"}],"about":[{"href":"https:\/\/aitia.fr\/erd\/wp-json\/wp\/v2\/types\/post"}],"author":[{"embeddable":true,"href":"https:\/\/aitia.fr\/erd\/wp-json\/wp\/v2\/users\/1"}],"replies":[{"embeddable":true,"href":"https:\/\/aitia.fr\/erd\/wp-json\/wp\/v2\/comments?post=16078"}],"version-history":[{"count":2,"href":"https:\/\/aitia.fr\/erd\/wp-json\/wp\/v2\/posts\/16078\/revisions"}],"predecessor-version":[{"id":16080,"href":"https:\/\/aitia.fr\/erd\/wp-json\/wp\/v2\/posts\/16078\/revisions\/16080"}],"wp:attachment":[{"href":"https:\/\/aitia.fr\/erd\/wp-json\/wp\/v2\/media?parent=16078"}],"wp:term":[{"taxonomy":"category","embeddable":true,"href":"https:\/\/aitia.fr\/erd\/wp-json\/wp\/v2\/categories?post=16078"},{"taxonomy":"post_tag","embeddable":true,"href":"https:\/\/aitia.fr\/erd\/wp-json\/wp\/v2\/tags?post=16078"}],"curies":[{"name":"wp","href":"https:\/\/api.w.org\/{rel}","templated":true}]}}