{"id":16039,"date":"2020-09-25T10:27:01","date_gmt":"2020-09-25T08:27:01","guid":{"rendered":"https:\/\/aitia.fr\/erd\/?p=16039"},"modified":"2020-09-25T13:49:59","modified_gmt":"2020-09-25T11:49:59","slug":"dictature-sanitaire-silvano-trotta","status":"publish","type":"post","link":"https:\/\/aitia.fr\/erd\/dictature-sanitaire-silvano-trotta\/","title":{"rendered":"Dictature sanitaire (Silvano Trotta)"},"content":{"rendered":"<p style=\"text-align: justify;\">[<em>Note de l&#8217;administrateur de ce blog : on rappellera comme les intervenants de cette vid\u00e9o que la grippe &#8220;ordinaire&#8221; fait, selon les ann\u00e9es, de quelques milliers jusqu&#8217;\u00e0 pr\u00e8s de 15 000 morts suppl\u00e9mentaires en France (<a href=\"https:\/\/www.santepubliquefrance.fr\/maladies-et-traumatismes\/maladies-et-infections-respiratoires\/grippe\/documents\/bulletin-national\/bulletin-epidemiologique-grippe-semaine-9.-saison-2016-2017\" target=\"_blank\" rel=\"noopener noreferrer\">hiver 2016-2017<\/a>, la surmortalit\u00e9 toutes causes confondues atteignant plus de 21 000 d\u00e9c\u00e8s). <\/em><\/p>\n<p style=\"text-align: justify;\"><em>D\u00e9but 2017, la grippe fut responsable de l&#8217;essentiel de la surmortalit\u00e9 ; la mortalit\u00e9 totale monta <a href=\"https:\/\/blog.insee.fr\/mourir-de-la-grippe-ou-du-coronavirus-faire-parler-les-chiffres-de-deces-publies-par-linsee-avec-discernement\/\" target=\"_blank\" rel=\"noopener noreferrer\"><strong> jusqu&#8217;\u00e0 2 200 d\u00e9c\u00e8s par jour<\/strong><\/a> (en <strong>moyenne mensuelle<\/strong> pour le mois de janvier, soit une <strong>surmortalit\u00e9 d&#8217;environ 700 d\u00e9c\u00e8s\/jour en moyenne <\/strong>par rapport aux mois de l&#8217;\u00e9t\u00e9 suivant) quand la COVID-19 <strong>en fait actuellement de l&#8217;ordre de 50<\/strong>, et en fit au maximum de l&#8217;\u00e9pid\u00e9mie (4 avril) jusqu&#8217;\u00e0 2 000 ou, pour prendre les chiffres plus repr\u00e9sentatifs de moyennes sur 7 jours, 1 100 le 10 avril&#8230; Avec un total toutes causes confondues de <a href=\"https:\/\/www.insee.fr\/fr\/statistiques\/serie\/001641603\" target=\"_blank\" rel=\"noopener noreferrer\">66 800 d\u00e9c\u00e8s<\/a>, le mois d&#8217;avril 2020 (pic de l&#8217;\u00e9pid\u00e9mie en France) se situe par ailleurs <strong>tr\u00e8s l\u00e9g\u00e8rement en dessous<\/strong> du mois de janvier 2017 (68 145\u00a0 d\u00e9c\u00e8s).<\/em><\/p>\n<p style=\"text-align: justify;\"><em>Ces donn\u00e9es sont v\u00e9rifiables ais\u00e9ment par exemple sur le site de l&#8217;INSEE, celui de Sant\u00e9 Publique France ou le site <a href=\"https:\/\/ourworldindata.org\/coronavirus\" target=\"_blank\" rel=\"noopener noreferrer\">Our World In Data<\/a> dont deux copies d&#8217;\u00e9cran sont \u00e0 consulter en dessous de la vid\u00e9o (cliquer sur les images pour obtenir de plus grandes versions).<\/em><\/p>\n<p style=\"text-align: justify;\"><em>Rappelons enfin qu&#8217;une augmentation des infections respiratoires et des sympt\u00f4mes grippaux \u00e0 l&#8217;entr\u00e9e dans la saison froide <a href=\"https:\/\/www.youtube.com\/watch?v=Tt_5JTumKUg&amp;t=3m57s\" target=\"_blank\" rel=\"noopener noreferrer\">est une chose parfaitement normale<\/a> dont il n&#8217;y a pas lieu de s&#8217;inqui\u00e9ter, mais dont on peut se prot\u00e9ger avec un peu de bon sens (habillement, hygi\u00e8ne de vie et d&#8217;alimentation, dont le sommeil qui est un atout souvent n\u00e9glig\u00e9&#8230;).<\/em>]<\/p>\n<hr \/>\n<p style=\"text-align: center;\"><iframe loading=\"lazy\" id=\"lbry-iframe\" src=\"https:\/\/odysee.com\/$\/embed\/Dictature-Sanitaire-\/cf945e895e1845cfa601dde5f4124314d4cfd007\" width=\"640\" height=\"360\" allowfullscreen=\"allowfullscreen\"><span style=\"display: inline-block; width: 0px; overflow: hidden; line-height: 0;\" data-mce-type=\"bookmark\" class=\"mce_SELRES_start\">\ufeff<\/span><\/iframe><\/p>\n<p><!--more--><\/p>\n<p style=\"text-align: center;\"><a href=\"https:\/\/aitia.fr\/erd\/wp-content\/uploads\/2020\/09\/OWiD-covid-19-2020-09-24.png\" target=\"_blank\" rel=\"noopener noreferrer\"><img decoding=\"async\" loading=\"lazy\" class=\"aligncenter wp-image-16040 size-full\" src=\"https:\/\/aitia.fr\/erd\/wp-content\/uploads\/2020\/09\/OWiD-covid-19-2020-09-24-r.png\" alt=\"\" width=\"700\" height=\"494\" srcset=\"https:\/\/aitia.fr\/erd\/wp-content\/uploads\/2020\/09\/OWiD-covid-19-2020-09-24-r.png 700w, https:\/\/aitia.fr\/erd\/wp-content\/uploads\/2020\/09\/OWiD-covid-19-2020-09-24-r-300x212.png 300w, https:\/\/aitia.fr\/erd\/wp-content\/uploads\/2020\/09\/OWiD-covid-19-2020-09-24-r-600x423.png 600w\" sizes=\"(max-width: 700px) 100vw, 700px\" \/><\/a><\/p>\n<p style=\"text-align: center;\"><a href=\"https:\/\/aitia.fr\/erd\/wp-content\/uploads\/2020\/09\/OWiD-covid-19-2020-09-24-7-day-avrg-1.png\" target=\"_blank\" rel=\"noopener noreferrer\"><img decoding=\"async\" loading=\"lazy\" class=\"aligncenter wp-image-16047 size-full\" src=\"https:\/\/aitia.fr\/erd\/wp-content\/uploads\/2020\/09\/OWiD-covid-19-2020-09-24-7-day-avrg-r.png\" alt=\"\" width=\"700\" height=\"495\" srcset=\"https:\/\/aitia.fr\/erd\/wp-content\/uploads\/2020\/09\/OWiD-covid-19-2020-09-24-7-day-avrg-r.png 700w, https:\/\/aitia.fr\/erd\/wp-content\/uploads\/2020\/09\/OWiD-covid-19-2020-09-24-7-day-avrg-r-300x212.png 300w, https:\/\/aitia.fr\/erd\/wp-content\/uploads\/2020\/09\/OWiD-covid-19-2020-09-24-7-day-avrg-r-600x424.png 600w\" sizes=\"(max-width: 700px) 100vw, 700px\" \/><\/a><\/p>\n<p>&nbsp;<\/p>\n","protected":false},"excerpt":{"rendered":"<p>[Note de l&#8217;administrateur de ce blog : on rappellera comme les intervenants de cette vid\u00e9o que la grippe &#8220;ordinaire&#8221; fait, selon les ann\u00e9es, de quelques milliers jusqu&#8217;\u00e0 pr\u00e8s de 15 000 morts suppl\u00e9mentaires en France (hiver 2016-2017, la surmortalit\u00e9 toutes causes confondues atteignant plus de 21 000 d\u00e9c\u00e8s). D\u00e9but 2017, la grippe fut responsable de [&hellip;]<\/p>\n","protected":false},"author":1,"featured_media":0,"comment_status":"open","ping_status":"open","sticky":false,"template":"","format":"video","meta":[],"categories":[4,134,3,29],"tags":[1542,1828,1687,229,1827,12,141,1899],"_links":{"self":[{"href":"https:\/\/aitia.fr\/erd\/wp-json\/wp\/v2\/posts\/16039"}],"collection":[{"href":"https:\/\/aitia.fr\/erd\/wp-json\/wp\/v2\/posts"}],"about":[{"href":"https:\/\/aitia.fr\/erd\/wp-json\/wp\/v2\/types\/post"}],"author":[{"embeddable":true,"href":"https:\/\/aitia.fr\/erd\/wp-json\/wp\/v2\/users\/1"}],"replies":[{"embeddable":true,"href":"https:\/\/aitia.fr\/erd\/wp-json\/wp\/v2\/comments?post=16039"}],"version-history":[{"count":21,"href":"https:\/\/aitia.fr\/erd\/wp-json\/wp\/v2\/posts\/16039\/revisions"}],"predecessor-version":[{"id":16067,"href":"https:\/\/aitia.fr\/erd\/wp-json\/wp\/v2\/posts\/16039\/revisions\/16067"}],"wp:attachment":[{"href":"https:\/\/aitia.fr\/erd\/wp-json\/wp\/v2\/media?parent=16039"}],"wp:term":[{"taxonomy":"category","embeddable":true,"href":"https:\/\/aitia.fr\/erd\/wp-json\/wp\/v2\/categories?post=16039"},{"taxonomy":"post_tag","embeddable":true,"href":"https:\/\/aitia.fr\/erd\/wp-json\/wp\/v2\/tags?post=16039"}],"curies":[{"name":"wp","href":"https:\/\/api.w.org\/{rel}","templated":true}]}}