{"id":16022,"date":"2020-09-23T21:36:53","date_gmt":"2020-09-23T19:36:53","guid":{"rendered":"https:\/\/aitia.fr\/erd\/?p=16022"},"modified":"2020-09-23T21:36:53","modified_gmt":"2020-09-23T19:36:53","slug":"du-masque-au-transhumanisme-avec-pierre-etchart-regenere","status":"publish","type":"post","link":"https:\/\/aitia.fr\/erd\/du-masque-au-transhumanisme-avec-pierre-etchart-regenere\/","title":{"rendered":"Du masque au transhumanisme avec Pierre Etchart (R\u00e9g\u00e9n\u00e8re)"},"content":{"rendered":"<p style=\"text-align: justify;\">[<em>Note de l&#8217;administrateur de ce blog : entretien enregistr\u00e9 en juin 2020, mais de grande actualit\u00e9. <\/em><\/p>\n<p style=\"text-align: justify;\"><em>L&#8217;organisation pyramidale de la soci\u00e9t\u00e9, seule \u00e0 m\u00eame de produire les situations absurdes que nous vivons, appara\u00eet comme le v\u00e9ritable grand danger qui nous guette ; mais il ne d\u00e9pend que de chacun de nous de retrouver notre autonomie de pens\u00e9e et de refuser l&#8217;absurdit\u00e9 des injonctions contradictoires comme celle du masque &#8220;inutile donc obligatoire&#8221;.<br \/>\n<\/em><\/p>\n<p style=\"text-align: justify;\"><em>\u00c0 propos du transhumanisme, on pourra lire ce qu&#8217;en dit Herv\u00e9 Juvin dans <a href=\"https:\/\/aitia.fr\/erd\/la-grande-separation\/\" target=\"_blank\" rel=\"noopener noreferrer\">La grande s\u00e9paration<\/a> : ce d\u00e9lire scientiste est l&#8217;aboutissement de mouvements &#8220;philosophiques&#8221; beaucoup plus vastes.<\/em>]<\/p>\n<hr \/>\n<p style=\"text-align: center;\"><iframe loading=\"lazy\" src=\"https:\/\/www.youtube.com\/embed\/HfW37TkPglM\" width=\"640\" height=\"360\" frameborder=\"0\" allowfullscreen=\"allowfullscreen\"><\/iframe><\/p>\n","protected":false},"excerpt":{"rendered":"<p>[Note de l&#8217;administrateur de ce blog : entretien enregistr\u00e9 en juin 2020, mais de grande actualit\u00e9. L&#8217;organisation pyramidale de la soci\u00e9t\u00e9, seule \u00e0 m\u00eame de produire les situations absurdes que nous vivons, appara\u00eet comme le v\u00e9ritable grand danger qui nous guette ; mais il ne d\u00e9pend que de chacun de nous de retrouver notre autonomie [&hellip;]<\/p>\n","protected":false},"author":1,"featured_media":0,"comment_status":"open","ping_status":"open","sticky":false,"template":"","format":"video","meta":[],"categories":[1],"tags":[1521,1542,1894,1772,1892,1893,1401,812],"_links":{"self":[{"href":"https:\/\/aitia.fr\/erd\/wp-json\/wp\/v2\/posts\/16022"}],"collection":[{"href":"https:\/\/aitia.fr\/erd\/wp-json\/wp\/v2\/posts"}],"about":[{"href":"https:\/\/aitia.fr\/erd\/wp-json\/wp\/v2\/types\/post"}],"author":[{"embeddable":true,"href":"https:\/\/aitia.fr\/erd\/wp-json\/wp\/v2\/users\/1"}],"replies":[{"embeddable":true,"href":"https:\/\/aitia.fr\/erd\/wp-json\/wp\/v2\/comments?post=16022"}],"version-history":[{"count":4,"href":"https:\/\/aitia.fr\/erd\/wp-json\/wp\/v2\/posts\/16022\/revisions"}],"predecessor-version":[{"id":16026,"href":"https:\/\/aitia.fr\/erd\/wp-json\/wp\/v2\/posts\/16022\/revisions\/16026"}],"wp:attachment":[{"href":"https:\/\/aitia.fr\/erd\/wp-json\/wp\/v2\/media?parent=16022"}],"wp:term":[{"taxonomy":"category","embeddable":true,"href":"https:\/\/aitia.fr\/erd\/wp-json\/wp\/v2\/categories?post=16022"},{"taxonomy":"post_tag","embeddable":true,"href":"https:\/\/aitia.fr\/erd\/wp-json\/wp\/v2\/tags?post=16022"}],"curies":[{"name":"wp","href":"https:\/\/api.w.org\/{rel}","templated":true}]}}