{"id":16013,"date":"2020-09-23T20:54:32","date_gmt":"2020-09-23T18:54:32","guid":{"rendered":"https:\/\/aitia.fr\/erd\/?p=16013"},"modified":"2020-09-23T20:54:32","modified_gmt":"2020-09-23T18:54:32","slug":"coronavirus-un-journaliste-raconte-son-traitement-a-lhydroxychloroquine-france-bleu-provence","status":"publish","type":"post","link":"https:\/\/aitia.fr\/erd\/coronavirus-un-journaliste-raconte-son-traitement-a-lhydroxychloroquine-france-bleu-provence\/","title":{"rendered":"Coronavirus : un journaliste raconte son traitement <br>\u00e0 l&#8217;hydroxychloroquine (France Bleu Provence)"},"content":{"rendered":"<header>\n<div id=\"attachment_16015\" style=\"width: 410px\" class=\"wp-caption alignleft\"><img aria-describedby=\"caption-attachment-16015\" decoding=\"async\" loading=\"lazy\" class=\"wp-image-16015\" src=\"https:\/\/aitia.fr\/erd\/wp-content\/uploads\/2020\/09\/Paul-Molga.jpg\" alt=\"Paul Molga avec le traitement pr\u00e9conis\u00e9 &lt;br&gt;par le Professeur Didier Raoult. - Paul Molga\" width=\"400\" height=\"250\" srcset=\"https:\/\/aitia.fr\/erd\/wp-content\/uploads\/2020\/09\/Paul-Molga.jpg 646w, https:\/\/aitia.fr\/erd\/wp-content\/uploads\/2020\/09\/Paul-Molga-300x187.jpg 300w, https:\/\/aitia.fr\/erd\/wp-content\/uploads\/2020\/09\/Paul-Molga-600x374.jpg 600w\" sizes=\"(max-width: 400px) 100vw, 400px\" \/><p id=\"caption-attachment-16015\" class=\"wp-caption-text\">Paul Molga avec le traitement pr\u00e9conis\u00e9 <br \/>par le Professeur Didier Raoult. &#8211; Paul Molga<\/p><\/div>\n<p style=\"text-align: justify;\">[<em>Note de l&#8217;administrateur de ce blog : la v\u00e9rit\u00e9 finit toujours par \u00e9merger, t\u00f4t ou tard, m\u00eame si elle prend l&#8217;escalier quand le mensonge prend l&#8217;ascenseur. Et il faut ensuite mettre les menteurs devant leurs responsabilit\u00e9s.<\/em>]<\/p>\n<hr \/>\n<p class=\"hat\" style=\"text-align: justify;\">Paul Molga, journaliste pour Les Echos \u00e0 Marseille, a \u00e9t\u00e9 test\u00e9 positif \u00e0 la Covid-19 il y a 10 jours. Souffrant de violents sympt\u00f4mes, il a d\u00e9cid\u00e9 de suivre le traitement controvers\u00e9 pr\u00e9conis\u00e9 par le Professeur Raoult. Il raconte la maladie et les effets du traitement, presque imm\u00e9diats.<\/p>\n<\/header>\n<figure class=\"ressource-principale\" style=\"text-align: justify;\"><picture><source class=\"dejavu\" srcset=\"https:\/\/cdn.radiofrance.fr\/s3\/cruiser-production\/2020\/09\/2cc6c68f-a8e4-4580-8431-30f827755cf4\/870x489_119872298_10160401128868916_3787133489759042056_o.webp\" type=\"image\/webp\" \/><\/picture><\/figure>\n<div class=\"body\">\n<p style=\"text-align: justify;\">C&#8217;est le 13 septembre que Paul Molga, journaliste pour <em>Les Echos<\/em> \u00e0 Marseille, a ressenti les premiers sympt\u00f4mes de la Covid-19\u00a0: <em>&#8220;Grosse fatigue, mal de t\u00eate, violentes courbatures, frissons. C&#8217;est quelque chose de nouveau dans l&#8217;organisme, ce n&#8217;est pas vraiment une grippe, c&#8217;est plus violent que \u00e7a. On se sent habit\u00e9, par des \u00eatres, des virus qui sont inconnus du corps.&#8221;<\/em> Tr\u00e8s vite, Paul se rend \u00e0 l&#8217;IHU M\u00e9diterran\u00e9e Infection pour faire le test. Le diagnostic tombe et apr\u00e8s une batterie d&#8217;examens, <strong>les m\u00e9decins lui proposent de suivre le traitement du Professeur Didier Raoult<\/strong>.<\/p>\n<p style=\"text-align: justify;\">Le mercredi 16 septembre, m\u00e9dicaments sur la table, Paul peut commencer le traitement\u00a0: azythromycine une fois par jour pendant cinq jours, <strong>hydroxychloroquine<\/strong> trois fois par jour associ\u00e9e \u00e0 du zinc. Et les effets sont tr\u00e8s rapides.<\/p>\n<p><a href=\"https:\/\/www.francebleu.fr\/infos\/sante-sciences\/coronavirus-il-raconte-son-traitement-a-l-hydroxychloroquine-1600762347\" target=\"_blank\" rel=\"noopener noreferrer\">Continuer la lecture sur France Bleu \u2192<\/a><\/p>\n<\/div>\n","protected":false},"excerpt":{"rendered":"<p>[Note de l&#8217;administrateur de ce blog : la v\u00e9rit\u00e9 finit toujours par \u00e9merger, t\u00f4t ou tard, m\u00eame si elle prend l&#8217;escalier quand le mensonge prend l&#8217;ascenseur. Et il faut ensuite mettre les menteurs devant leurs responsabilit\u00e9s.] Paul Molga, journaliste pour Les Echos \u00e0 Marseille, a \u00e9t\u00e9 test\u00e9 positif \u00e0 la Covid-19 il y a 10 [&hellip;]<\/p>\n","protected":false},"author":1,"featured_media":0,"comment_status":"open","ping_status":"open","sticky":false,"template":"","format":"standard","meta":[],"categories":[4,134,29],"tags":[1615,1521,1542,1522,1573,1556,48,1891],"_links":{"self":[{"href":"https:\/\/aitia.fr\/erd\/wp-json\/wp\/v2\/posts\/16013"}],"collection":[{"href":"https:\/\/aitia.fr\/erd\/wp-json\/wp\/v2\/posts"}],"about":[{"href":"https:\/\/aitia.fr\/erd\/wp-json\/wp\/v2\/types\/post"}],"author":[{"embeddable":true,"href":"https:\/\/aitia.fr\/erd\/wp-json\/wp\/v2\/users\/1"}],"replies":[{"embeddable":true,"href":"https:\/\/aitia.fr\/erd\/wp-json\/wp\/v2\/comments?post=16013"}],"version-history":[{"count":7,"href":"https:\/\/aitia.fr\/erd\/wp-json\/wp\/v2\/posts\/16013\/revisions"}],"predecessor-version":[{"id":16021,"href":"https:\/\/aitia.fr\/erd\/wp-json\/wp\/v2\/posts\/16013\/revisions\/16021"}],"wp:attachment":[{"href":"https:\/\/aitia.fr\/erd\/wp-json\/wp\/v2\/media?parent=16013"}],"wp:term":[{"taxonomy":"category","embeddable":true,"href":"https:\/\/aitia.fr\/erd\/wp-json\/wp\/v2\/categories?post=16013"},{"taxonomy":"post_tag","embeddable":true,"href":"https:\/\/aitia.fr\/erd\/wp-json\/wp\/v2\/tags?post=16013"}],"curies":[{"name":"wp","href":"https:\/\/api.w.org\/{rel}","templated":true}]}}