{"id":15983,"date":"2020-09-18T14:14:47","date_gmt":"2020-09-18T12:14:47","guid":{"rendered":"https:\/\/aitia.fr\/erd\/?p=15983"},"modified":"2020-09-18T14:18:16","modified_gmt":"2020-09-18T12:18:16","slug":"le-port-du-masque-est-bien-sur-nocif-pour-la-sante-anthropo-logiques","status":"publish","type":"post","link":"https:\/\/aitia.fr\/erd\/le-port-du-masque-est-bien-sur-nocif-pour-la-sante-anthropo-logiques\/","title":{"rendered":"Le port du masque est BIEN S\u00dbR nocif pour la sant\u00e9 ! (Anthropo-logiques)"},"content":{"rendered":"<p style=\"text-align: justify;\"><img decoding=\"async\" loading=\"lazy\" class=\"alignleft wp-image-15991\" src=\"https:\/\/aitia.fr\/erd\/wp-content\/uploads\/2020\/09\/masque_nounours-r.jpeg\" alt=\"\" width=\"410\" height=\"353\" srcset=\"https:\/\/aitia.fr\/erd\/wp-content\/uploads\/2020\/09\/masque_nounours-r.jpeg 672w, https:\/\/aitia.fr\/erd\/wp-content\/uploads\/2020\/09\/masque_nounours-r-300x258.jpeg 300w, https:\/\/aitia.fr\/erd\/wp-content\/uploads\/2020\/09\/masque_nounours-r-600x517.jpeg 600w\" sizes=\"(max-width: 410px) 100vw, 410px\" \/>[<em>Note de l&#8217;administrateur de ce blog : une logique simpliste fait dire \u00e0 certains &#8220;arr\u00eatez de nous faire ch&#8230; avec le port obligatoire du masque, vous en demandiez avant alors maintenant mettez-le !&#8221;. Un raisonnement un peu moins primaire montre au contraire qu&#8217;avoir emp\u00each\u00e9 et <a href=\"https:\/\/www.youtube.com\/watch?&amp;v=V8fDSvFouUU&amp;feature=emb_logo\" target=\"_blank\" rel=\"noopener noreferrer\">d\u00e9conseill\u00e9 le port du masque<\/a> quand il \u00e9tait utile, et le rendre obligatoire lorsqu&#8217;il ne l&#8217;est plus (hors cas tr\u00e8s sp\u00e9cifiques des soignants et personnes contagieuses) d\u00e9montre au contraire la perversion profonde des &#8220;\u00e9lites&#8221;. \u00c0 chacun de savoir s&#8217;il fait confiance \u00e0 des criminels pour des conseils en mati\u00e8re de sant\u00e9.<\/em><\/p>\n<p style=\"text-align: justify;\"><em>Rappelons que Jean-Dominique Michel a lui-m\u00eame fait l&#8217;exp\u00e9rience de la COVID-19, qu&#8217;il raconte <a href=\"https:\/\/jdmichel.blog.tdg.ch\/archive\/2020\/04\/05\/covid-combien-de-morts-inutiles-et-comment-je-me-suis-gueri-305601.html\" target=\"_blank\" rel=\"noopener noreferrer\">dans cet article<\/a>.<\/em> <em>Il donne ici \u00e9galement la parole au Dr Pascal Sacr\u00e9, m\u00e9decin anesth\u00e9siste-r\u00e9animateur belge <a href=\"https:\/\/www.ghdc.be\/prestataires\/dr-sacre-pascal\" target=\"_blank\" rel=\"noopener noreferrer\">sp\u00e9cialiste en soins intensifs<\/a>. On pourra aussi lire avec int\u00e9r\u00eat <a href=\"https:\/\/www.aimsib.org\/2020\/08\/30\/covid-le-pcr-nasal-peut-il-mentir\/\" target=\"_blank\" rel=\"noopener noreferrer\">ses explications sur les tests PCR<\/a>, ou l&#8217;\u00e9couter donner son avis sur la COVID-19 <a href=\"https:\/\/www.youtube.com\/watch?v=x0qHpdhdgxg\" target=\"_blank\" rel=\"noopener noreferrer\">dans cette vid\u00e9o<\/a> du 2 ao\u00fbt dernier.<\/em><\/p>\n<p style=\"text-align: justify;\"><em>Jean-Dominique Michel \u00e9tant suisse et Pascal Sacr\u00e9 belge, je compl\u00e8te cet article par les courbes des morts par jour et par million d&#8217;habitants attribu\u00e9es \u00e0 la COVID-19 (avec une moyenne glissante de 7 jours), pour la France (en rose), la Belgique (en vert) et la Suisse (en bleu), telles qu&#8217;on peut les afficher <a href=\"https:\/\/ig.ft.com\/coronavirus-chart\/?areas=che&amp;areas=fra&amp;areas=bel&amp;areasRegional=usny&amp;areasRegional=usca&amp;areasRegional=usfl&amp;areasRegional=ustx&amp;byDate=0&amp;cumulative=0&amp;logScale=0&amp;perMillion=1&amp;values=deaths\" target=\"_blank\" rel=\"noopener noreferrer\">sur le site du Financial Times<\/a> (derni\u00e8res donn\u00e9es : 16 septembre). Cliquer sur l&#8217;image pour obtenir une version grand format<\/em>.]<\/p>\n<hr \/>\n<p style=\"text-align: justify;\">Je mesure certes le risque de passer pour un opposant syst\u00e9matique, trouvant \u00e0 redire \u00e0 chaque mesure (ou non-mesure) prise.<\/p>\n<p style=\"text-align: justify;\">Comment pourtant faire autrement quand les d\u00e9cisions questionnables se succ\u00e8dent apparemment sans fin, affirm\u00e9es avec le m\u00eame aplomb p\u00e9remptoire, y compris en l&#8217;absence de donn\u00e9es probantes. Il est d\u00e8s lors non seulement naturel mais encore l\u00e9gitime et m\u00eame n\u00e9cessaire de les questionner, sans concession.<\/p>\n<p style=\"text-align: justify;\">En mars-avril, quand l&#8217;\u00e9pid\u00e9mie en \u00e9tait une, il nous a fallu gober docilement que les masques \u00e9taient strictement inutiles et que s&#8217;ils n&#8217;\u00e9taient pas rendus disponibles, ce n&#8217;\u00e9tait (<em>bien s\u00fbr<\/em>) pas parce qu&#8217;on n&#8217;en avait pas, mais parce qu&#8217;en porter n&#8217;aurait servi \u00e0 rien.<\/p>\n<p style=\"text-align: justify;\">Cette affirmation \u00e9tait bien s\u00fbr un mensonge d&#8217;\u00e9tat, <a href=\"https:\/\/www.24heures.ch\/la-penurie-de-masques-a-dicte-la-communication-des-autorites-292522187102\" target=\"_blank\" rel=\"noopener noreferrer\">les proc\u00e8s-verbaux des groupes de travail de la Conf\u00e9d\u00e9ration<\/a> en ont t\u00e9moign\u00e9.<\/p>\n<p style=\"text-align: justify;\">Nous nous sommes ensuite d\u00e9confin\u00e9s sans masques et, comme tout le monde a pu le constater, sans probl\u00e8mes ni dommages.<\/p>\n<p style=\"text-align: justify;\">Des mois plus tard, alors que le nombre d&#8217;hospitalisations et de d\u00e9c\u00e8s reste aussi bas qu&#8217;il est possible, voil\u00e0 qu&#8217;on sonne \u00e0 nouveau l&#8217;alarme et nous impose soudain un paquet de mesures auxquelles le bon sens nous avait fait \u00e9chapper, au premier rang desquelles le port du masque.<\/p>\n<p><a href=\"https:\/\/jdmichel.blog.tdg.ch\/archive\/2020\/09\/16\/le-port-du-masque-est-bien-sur-nocif-pour-la-sante-309118.html\" target=\"_blank\" rel=\"noopener noreferrer\">Continuer la lecture sur Anthropo-logiques \u2192<\/a><\/p>\n<p><a href=\"https:\/\/aitia.fr\/erd\/wp-content\/uploads\/2020\/09\/morts-quotidiennes-par-million-dhab-F-B-CH.png\" target=\"_blank\" rel=\"noopener noreferrer\"><img decoding=\"async\" loading=\"lazy\" class=\"aligncenter wp-image-15996 size-full\" src=\"https:\/\/aitia.fr\/erd\/wp-content\/uploads\/2020\/09\/morts-quotidiennes-par-million-dhab-F-B-CH-r.png\" alt=\"\" width=\"811\" height=\"465\" srcset=\"https:\/\/aitia.fr\/erd\/wp-content\/uploads\/2020\/09\/morts-quotidiennes-par-million-dhab-F-B-CH-r.png 811w, https:\/\/aitia.fr\/erd\/wp-content\/uploads\/2020\/09\/morts-quotidiennes-par-million-dhab-F-B-CH-r-300x172.png 300w, https:\/\/aitia.fr\/erd\/wp-content\/uploads\/2020\/09\/morts-quotidiennes-par-million-dhab-F-B-CH-r-768x440.png 768w, https:\/\/aitia.fr\/erd\/wp-content\/uploads\/2020\/09\/morts-quotidiennes-par-million-dhab-F-B-CH-r-600x344.png 600w\" sizes=\"(max-width: 811px) 100vw, 811px\" \/><\/a><\/p>\n","protected":false},"excerpt":{"rendered":"<p>[Note de l&#8217;administrateur de ce blog : une logique simpliste fait dire \u00e0 certains &#8220;arr\u00eatez de nous faire ch&#8230; avec le port obligatoire du masque, vous en demandiez avant alors maintenant mettez-le !&#8221;. Un raisonnement un peu moins primaire montre au contraire qu&#8217;avoir emp\u00each\u00e9 et d\u00e9conseill\u00e9 le port du masque quand il \u00e9tait utile, et [&hellip;]<\/p>\n","protected":false},"author":1,"featured_media":0,"comment_status":"open","ping_status":"open","sticky":false,"template":"","format":"standard","meta":[],"categories":[134,29],"tags":[1578,854,1684,1633,12,199,481],"_links":{"self":[{"href":"https:\/\/aitia.fr\/erd\/wp-json\/wp\/v2\/posts\/15983"}],"collection":[{"href":"https:\/\/aitia.fr\/erd\/wp-json\/wp\/v2\/posts"}],"about":[{"href":"https:\/\/aitia.fr\/erd\/wp-json\/wp\/v2\/types\/post"}],"author":[{"embeddable":true,"href":"https:\/\/aitia.fr\/erd\/wp-json\/wp\/v2\/users\/1"}],"replies":[{"embeddable":true,"href":"https:\/\/aitia.fr\/erd\/wp-json\/wp\/v2\/comments?post=15983"}],"version-history":[{"count":18,"href":"https:\/\/aitia.fr\/erd\/wp-json\/wp\/v2\/posts\/15983\/revisions"}],"predecessor-version":[{"id":16004,"href":"https:\/\/aitia.fr\/erd\/wp-json\/wp\/v2\/posts\/15983\/revisions\/16004"}],"wp:attachment":[{"href":"https:\/\/aitia.fr\/erd\/wp-json\/wp\/v2\/media?parent=15983"}],"wp:term":[{"taxonomy":"category","embeddable":true,"href":"https:\/\/aitia.fr\/erd\/wp-json\/wp\/v2\/categories?post=15983"},{"taxonomy":"post_tag","embeddable":true,"href":"https:\/\/aitia.fr\/erd\/wp-json\/wp\/v2\/tags?post=15983"}],"curies":[{"name":"wp","href":"https:\/\/api.w.org\/{rel}","templated":true}]}}