{"id":1591,"date":"2015-02-03T19:09:26","date_gmt":"2015-02-03T18:09:26","guid":{"rendered":"https:\/\/aitia.fr\/erd\/?p=1591"},"modified":"2015-02-03T14:05:53","modified_gmt":"2015-02-03T13:05:53","slug":"golan-fermes-de-chebaa-israel-et-al-qaida-sallient-contre-le-hezbollah-et-tuent-des-casques-bleus-cercle-des-volontaires","status":"publish","type":"post","link":"https:\/\/aitia.fr\/erd\/golan-fermes-de-chebaa-israel-et-al-qaida-sallient-contre-le-hezbollah-et-tuent-des-casques-bleus-cercle-des-volontaires\/","title":{"rendered":"Golan, fermes de Chebaa : Isra\u00ebl et Al-Qa\u00efda s\u2019allient contre le Hezbollah et tuent des casques bleus (Cercle des Volontaires)"},"content":{"rendered":"<p style=\"text-align: justify;\"><span class=\"Apple-style-span\"><a href=\"https:\/\/aitia.fr\/erd\/wp-content\/uploads\/2015\/02\/escarmouche-au-golan-600.jpg\"><img decoding=\"async\" loading=\"lazy\" class=\"alignleft wp-image-1592 \" src=\"https:\/\/aitia.fr\/erd\/wp-content\/uploads\/2015\/02\/escarmouche-au-golan-600.jpg\" alt=\"escarmouche-au-golan\" width=\"401\" height=\"226\" srcset=\"https:\/\/aitia.fr\/erd\/wp-content\/uploads\/2015\/02\/escarmouche-au-golan-600.jpg 600w, https:\/\/aitia.fr\/erd\/wp-content\/uploads\/2015\/02\/escarmouche-au-golan-600-300x169.jpg 300w\" sizes=\"(max-width: 401px) 100vw, 401px\" \/><\/a>Mercredi 28 janvier 2015, un convoi militaire de l\u2019arm\u00e9e isra\u00e9lienne a essuy\u00e9 plusieurs tirs de roquettes alors qu\u2019il man\u0153uvrait dans le secteur contest\u00e9 des fermes de Chebaa, pr\u00e8s du village d\u2019al Gajahar. L\u2019attaque a \u00e9t\u00e9 revendiqu\u00e9e par le groupe des<strong>\u00a0martyrs de Quneitra<\/strong>, une faction du Hezbollah, qui a publi\u00e9 un communiqu\u00e9 confirmant l\u2019origine de cette op\u00e9ration. Selon le site d\u2019information\u00a0<a href=\"https:\/\/www.almanar.com.lb\/french\/adetails.php?eid=216830&amp;cid=18&amp;fromval=1&amp;frid=18&amp;seccatid=23&amp;s1=1\">Al Manar<\/a>, proche du Hezbollah, le convoi attaqu\u00e9 circulait dans le cadre d\u2019une mission de renforcement de la position isra\u00e9lienne de Rwa\u00efset al Alam.<\/span><\/p>\n<p style=\"text-align: justify;\"><span class=\"Apple-style-span\"><a title=\"Golan, fermes de Chebaa : Isra\u00ebl et Al-Qa\u00efda s\u2019allient contre le Hezbollah et tuent des casques bleus (Cercle des Volontaires)\" href=\"https:\/\/www.cercledesvolontaires.fr\/2015\/01\/30\/golan-fermes-de-chebaa-israel-et-al-qaida-sallient-contre-le-hezbollah-et-tuent-des-casques-bleus\/\" target=\"_blank\">Continuer la lecture\u00a0sur le Cercle des Volontaires\u00a0<span class=\"meta-nav\">\u2192<\/span><\/a><\/span><\/p>\n","protected":false},"excerpt":{"rendered":"<p>Mercredi 28 janvier 2015, un convoi militaire de l\u2019arm\u00e9e isra\u00e9lienne a essuy\u00e9 plusieurs tirs de roquettes alors qu\u2019il man\u0153uvrait dans le secteur contest\u00e9 des fermes de Chebaa, pr\u00e8s du village d\u2019al Gajahar. L\u2019attaque a \u00e9t\u00e9 revendiqu\u00e9e par le groupe des\u00a0martyrs de Quneitra, une faction du Hezbollah, qui a publi\u00e9 un communiqu\u00e9 confirmant l\u2019origine de cette [&hellip;]<\/p>\n","protected":false},"author":1,"featured_media":0,"comment_status":"open","ping_status":"open","sticky":false,"template":"","format":"standard","meta":[],"categories":[4,134],"tags":[163,165,162,164,166],"_links":{"self":[{"href":"https:\/\/aitia.fr\/erd\/wp-json\/wp\/v2\/posts\/1591"}],"collection":[{"href":"https:\/\/aitia.fr\/erd\/wp-json\/wp\/v2\/posts"}],"about":[{"href":"https:\/\/aitia.fr\/erd\/wp-json\/wp\/v2\/types\/post"}],"author":[{"embeddable":true,"href":"https:\/\/aitia.fr\/erd\/wp-json\/wp\/v2\/users\/1"}],"replies":[{"embeddable":true,"href":"https:\/\/aitia.fr\/erd\/wp-json\/wp\/v2\/comments?post=1591"}],"version-history":[{"count":3,"href":"https:\/\/aitia.fr\/erd\/wp-json\/wp\/v2\/posts\/1591\/revisions"}],"predecessor-version":[{"id":1595,"href":"https:\/\/aitia.fr\/erd\/wp-json\/wp\/v2\/posts\/1591\/revisions\/1595"}],"wp:attachment":[{"href":"https:\/\/aitia.fr\/erd\/wp-json\/wp\/v2\/media?parent=1591"}],"wp:term":[{"taxonomy":"category","embeddable":true,"href":"https:\/\/aitia.fr\/erd\/wp-json\/wp\/v2\/categories?post=1591"},{"taxonomy":"post_tag","embeddable":true,"href":"https:\/\/aitia.fr\/erd\/wp-json\/wp\/v2\/tags?post=1591"}],"curies":[{"name":"wp","href":"https:\/\/api.w.org\/{rel}","templated":true}]}}