{"id":15907,"date":"2020-09-11T21:46:56","date_gmt":"2020-09-11T19:46:56","guid":{"rendered":"https:\/\/aitia.fr\/erd\/?p=15907"},"modified":"2020-09-12T12:02:09","modified_gmt":"2020-09-12T10:02:09","slug":"qui-a-dit-n11","status":"publish","type":"post","link":"https:\/\/aitia.fr\/erd\/qui-a-dit-n11\/","title":{"rendered":"Qui a dit&#8230; ? (n\u00b011)"},"content":{"rendered":"<p>Qui a dit ceci \u00e0 propos de la COVID-19 :<\/p>\n<blockquote>\n<p style=\"text-align: justify;\"><em>&#8220;La chose que tout le monde doit savoir historiquement, c&#8217;est que m\u00eame s&#8217;il peut exister une transmission asymptomatique, dans toute l&#8217;histoire des virus respiratoires de n&#8217;importe quel type, la transmission asymptomatique n&#8217;a jamais \u00e9t\u00e9 d\u00e9terminante pour la propagation des \u00e9pid\u00e9mies. Le facteur d\u00e9terminant est toujours une personne symptomatique. M\u00eame si rarement une personne asymptomatique pourrait transmettre [le virus], une \u00e9pid\u00e9mie n&#8217;est jamais d\u00e9termin\u00e9e par des porteurs asymptomatiques.&#8221;<\/em><\/p>\n<\/blockquote>\n<p><\/p>\n<p style=\"text-align: justify;\">Le Pr Raoult ? Le Pr Toussaint ?<\/p>\n<p><!--more--><\/p>\n<p style=\"text-align: justify;\"><strong>R\u00e9ponse :<\/strong> le Dr Anthony Fauci, directeur du <em><a href=\"https:\/\/fr.wikipedia.org\/wiki\/National_Institute_of_Allergy_and_Infectious_Diseases\" target=\"_blank\" rel=\"noopener noreferrer\">National Institute of Allergy and Infectious Diseases<\/a><\/em> am\u00e9ricain (NIAID) et membre de la <i>White House Coronavirus Task Force<\/i>, dans une conf\u00e9rence de presse sur la Covid-19 le 28 janvier 2020. V\u00e9rification avec la vid\u00e9o :<\/p>\n<p style=\"text-align: center;\"><iframe loading=\"lazy\" src=\"https:\/\/www.youtube.com\/embed\/w6koHkBCoNQ?start=2653\" width=\"640\" height=\"360\" frameborder=\"0\" allowfullscreen=\"allowfullscreen\"><span style=\"display: inline-block; width: 0px; overflow: hidden; line-height: 0;\" data-mce-type=\"bookmark\" class=\"mce_SELRES_start\">\ufeff<\/span><\/iframe><\/p>\n<p>Texte original en anglais des Am\u00e9riques :<\/p>\n<blockquote>\n<p style=\"text-align: justify;\"><em>&#8220;The one thing people historically need to realize, that even if there is some asymptomatic transmission, in all the history of repiratory-born viruses of any type, asymptomatic transmission has never been the driver of outbreaks. The driver of outbreaks is always a symptomatic person. Even if there&#8217;s a rare asymptomatic person that might transmit, an epidemic is not driven by asymptomatic carriers.&#8221;<\/em><\/p>\n<\/blockquote>\n<p><\/p>\n<p style=\"text-align: justify;\">Autrement dit, l&#8217;obligation g\u00e9n\u00e9rale et syst\u00e9matique de port du masque pour l&#8217;ensemble de la population en bonne sant\u00e9, m\u00eame en plein pic \u00e9pid\u00e9mique \u2013 et <em>a fortiori<\/em> hors pic \u00e9pid\u00e9mique \u2013 est une aberration non fond\u00e9e sur l&#8217;exp\u00e9rience scientifique.<\/p>\n<div id=\"attachment_15917\" style=\"width: 710px\" class=\"wp-caption aligncenter\"><a href=\"https:\/\/ig.ft.com\/coronavirus-chart\/?areas=fra&amp;areasRegional=usny&amp;areasRegional=usca&amp;areasRegional=usfl&amp;areasRegional=ustx&amp;byDate=1&amp;cumulative=0&amp;logScale=0&amp;perMillion=0&amp;values=deaths\" target=\"_blank\" rel=\"noopener noreferrer\"><img aria-describedby=\"caption-attachment-15917\" decoding=\"async\" loading=\"lazy\" class=\"wp-image-15917 size-large\" src=\"https:\/\/aitia.fr\/erd\/wp-content\/uploads\/2020\/09\/morts-covid-19-France-au-11-sept.-2020-FT-1024x662.png\" alt=\"\" width=\"700\" height=\"453\" srcset=\"https:\/\/aitia.fr\/erd\/wp-content\/uploads\/2020\/09\/morts-covid-19-France-au-11-sept.-2020-FT-1024x662.png 1024w, https:\/\/aitia.fr\/erd\/wp-content\/uploads\/2020\/09\/morts-covid-19-France-au-11-sept.-2020-FT-300x194.png 300w, https:\/\/aitia.fr\/erd\/wp-content\/uploads\/2020\/09\/morts-covid-19-France-au-11-sept.-2020-FT-768x496.png 768w, https:\/\/aitia.fr\/erd\/wp-content\/uploads\/2020\/09\/morts-covid-19-France-au-11-sept.-2020-FT-600x388.png 600w, https:\/\/aitia.fr\/erd\/wp-content\/uploads\/2020\/09\/morts-covid-19-France-au-11-sept.-2020-FT-1536x992.png 1536w, https:\/\/aitia.fr\/erd\/wp-content\/uploads\/2020\/09\/morts-covid-19-France-au-11-sept.-2020-FT-2048x1323.png 2048w\" sizes=\"(max-width: 700px) 100vw, 700px\" \/><\/a><p id=\"caption-attachment-15917\" class=\"wp-caption-text\">Nombre de morts par jour en France attribu\u00e9es \u00e0 la COVID-19, avec une moyenne glissante sur 7 jours. Dernier point : 11 septembre 2020. Source : <a href=\"https:\/\/www.ft.com\/content\/a2901ce8-5eb7-4633-b89c-cbdf5b386938\" target=\"_blank\" rel=\"noopener noreferrer\"><em>Financial Times<\/em><\/a>.<\/p><\/div>\n<div id=\"attachment_15918\" style=\"width: 710px\" class=\"wp-caption aligncenter\"><a href=\"https:\/\/ig.ft.com\/coronavirus-chart\/?areas=fra&amp;areasRegional=usny&amp;areasRegional=usca&amp;areasRegional=usfl&amp;areasRegional=ustx&amp;byDate=1&amp;cumulative=0&amp;logScale=0&amp;perMillion=0&amp;values=cases\" target=\"_blank\" rel=\"noopener noreferrer\"><img aria-describedby=\"caption-attachment-15918\" decoding=\"async\" loading=\"lazy\" class=\"wp-image-15918 size-large\" src=\"https:\/\/aitia.fr\/erd\/wp-content\/uploads\/2020\/09\/cas-covid-19-France-au-11-sept.-2020-FT-1024x656.png\" alt=\"\" width=\"700\" height=\"448\" srcset=\"https:\/\/aitia.fr\/erd\/wp-content\/uploads\/2020\/09\/cas-covid-19-France-au-11-sept.-2020-FT-1024x656.png 1024w, https:\/\/aitia.fr\/erd\/wp-content\/uploads\/2020\/09\/cas-covid-19-France-au-11-sept.-2020-FT-300x192.png 300w, https:\/\/aitia.fr\/erd\/wp-content\/uploads\/2020\/09\/cas-covid-19-France-au-11-sept.-2020-FT-768x492.png 768w, https:\/\/aitia.fr\/erd\/wp-content\/uploads\/2020\/09\/cas-covid-19-France-au-11-sept.-2020-FT-600x385.png 600w, https:\/\/aitia.fr\/erd\/wp-content\/uploads\/2020\/09\/cas-covid-19-France-au-11-sept.-2020-FT-1536x985.png 1536w, https:\/\/aitia.fr\/erd\/wp-content\/uploads\/2020\/09\/cas-covid-19-France-au-11-sept.-2020-FT-2048x1313.png 2048w\" sizes=\"(max-width: 700px) 100vw, 700px\" \/><\/a><p id=\"caption-attachment-15918\" class=\"wp-caption-text\">Nombre de <a href=\"https:\/\/www.youtube.com\/watch?v=vf7GuWxA6Zo&#038;feature=emb_logo\" rel=\"noopener noreferrer\" target=\"_blank\">cas positifs<\/a> confirm\u00e9s de COVID-19 par jour en France, avec une moyenne glissante sur 7 jours. Dernier point : 11 septembre 2020. Source : <a href=\"https:\/\/www.ft.com\/content\/a2901ce8-5eb7-4633-b89c-cbdf5b386938\" target=\"_blank\" rel=\"noopener noreferrer\"><em>Financial Times<\/em><\/a>.<\/p><\/div>\n<p>En outre, les CDC (<em>Centers for Disease Control<\/em>, agence sanitaire f\u00e9d\u00e9rale des \u00c9tats-Unis) <a href=\"https:\/\/www.cdc.gov\/disasters\/covid-19\/wildfire_smoke_covid-19.html\" target=\"_blank\" rel=\"noopener noreferrer\">ont pr\u00e9cis\u00e9 \u00e0 l&#8217;occasion des incendies<\/a> qui ravagent en ce moment m\u00eame tout l&#8217;ouest des \u00c9tats-Unis :<\/p>\n<blockquote><p>&#8220;<em><strong>Cloth masks will <u>not<\/u> protect you from wildfire smoke. <\/strong><\/em><\/p>\n<p style=\"text-align: justify;\"><em>Cloth\u00a0<a href=\"https:\/\/www.cdc.gov\/coronavirus\/2019-ncov\/prevent-getting-sick\/diy-cloth-face-coverings.html\">masks<\/a> that are used to slow the spread of COVID-19 by blocking respiratory droplets offer little protection against wildfire smoke. They do not catch small, harmful particles in smoke that can harm your health.<\/em>&#8220;<\/p>\n<\/blockquote>\n<p><\/p>\n<p style=\"text-align: justify;\">C&#8217;est-\u00e0-dire :<\/p>\n<blockquote><p>&#8220;<em><strong>Les masques en tissu ne vous prot\u00e8geront pas contre la fum\u00e9e des incendies<\/strong>.<\/em><\/p>\n<p><em>Les masques en tissu qui sont utilis\u00e9s pour ralentir la propagation de la COVID-19 en bloquant les gouttelettes respiratoires offrent peu de protection contre la fum\u00e9e des incendies. Ils n&#8217;arr\u00eatent pas les particules fines et nocives de la fum\u00e9e qui sont dangereuses pour votre sant\u00e9.<\/em>&#8220;<\/p><\/blockquote>\n<p><\/p>\n<p style=\"text-align: justify;\">Or il est \u00e9vident qu&#8217;un virus est encore bien plus petit que ces particules de suie, la taille du SARS-CoV-2 \u00e9tant <a href=\"https:\/\/fr.wikipedia.org\/wiki\/SARS-CoV-2#Taille\" target=\"_blank\" rel=\"noopener noreferrer\">de l&#8217;ordre de 100 nanom\u00e8tres<\/a> (un dixi\u00e8me de microm\u00e8tre). Si un masque en tissu peut \u00eatre utile pour ralentir la propagation du virus, c&#8217;est donc <strong>uniquement<\/strong> lorsque celui-ci est inclus dans des <a href=\"https:\/\/aitia.fr\/erd\/la-strioscopie-a-la-rescousse-des-mesures-de-protection\/\" target=\"_blank\" rel=\"noopener noreferrer\">gouttelettes projet\u00e9es par la toux<\/a> ou des \u00e9ternuements, mais certainement pas &#8220;flottant dans l&#8217;air&#8221;.<\/p>\n<p style=\"text-align: justify;\">M\u00eame l&#8217;OMS, d&#8217;ailleurs, <a href=\"https:\/\/www.who.int\/fr\/emergencies\/diseases\/novel-coronavirus-2019\/question-and-answers-hub\/q-a-detail\/q-a-on-covid-19-and-masks\" target=\"_blank\" rel=\"noopener noreferrer\">ne recommande pas actuellement<\/a> le port du masque par l&#8217;ensemble de la population.<\/p>\n<p style=\"text-align: justify;\">Ce qui pr\u00e9c\u00e8de ne concerne, bien s\u00fbr, que l&#8217;aspect proprement biologique des mesures sanitaires impos\u00e9es ; pour leur impact psychologique, <a href=\"https:\/\/aitia.fr\/erd\/le-moment-paranoiaque-le-deferlement-totalitaire-face-a-la-dialectique-du-maitre-et-de-lesclave-ariane-bilheran\/\" target=\"_blank\" rel=\"noopener noreferrer\">voir ici&#8230;<\/a> ou \u00e9couter divers t\u00e9moignages, d&#8217;enfants ou d&#8217;adultes.<\/p>\n<p style=\"text-align: justify;\">Et pour les ressorts profonds de cette vaste mascarade, <a href=\"https:\/\/aitia.fr\/erd\/le-nouveau-capitalisme-criminel\/\" rel=\"noopener noreferrer\" target=\"_blank\">suivez l&#8217;argent<\/a>.<\/p>\n<p style=\"text-align: center;\">\n<blockquote class=\"twitter-tweet\">\n<p lang=\"fr\" dir=\"ltr\">\u00c9coutez bien ce jeune.<a href=\"https:\/\/twitter.com\/hashtag\/MasqueObligatoire?src=hash&amp;ref_src=twsrc%5Etfw\">#MasqueObligatoire<\/a> <a href=\"https:\/\/twitter.com\/hashtag\/DictatureSanitaire?src=hash&amp;ref_src=twsrc%5Etfw\">#DictatureSanitaire<\/a> <a href=\"https:\/\/t.co\/naIiiJgrtc\">pic.twitter.com\/naIiiJgrtc<\/a><\/p>\n<p>&mdash; Stalec (@Stalec_) <a href=\"https:\/\/twitter.com\/Stalec_\/status\/1302170751676690432?ref_src=twsrc%5Etfw\">September 5, 2020<\/a><\/p><\/blockquote>\n<p> <script async src=\"https:\/\/platform.twitter.com\/widgets.js\" charset=\"utf-8\"><\/script> <\/p>\n<p style=\"text-align: center;\">\n<blockquote class=\"twitter-tweet\">\n<p lang=\"fr\" dir=\"ltr\">LE MASQUE EN MATERNELLE: Une fonctionnaire de l&#39;\u00e9duction nationale rappel\u00e9e \u00e0 l&#39;ordre la suite \u2b07\ufe0f <a href=\"https:\/\/t.co\/pAeIgJo0Er\">pic.twitter.com\/pAeIgJo0Er<\/a><\/p>\n<p>&mdash; Le G\u00e9n\u00e9ral \ud83d\udc8e (@LE_GENERAL_OF) <a href=\"https:\/\/twitter.com\/LE_GENERAL_OF\/status\/1303786235941605386?ref_src=twsrc%5Etfw\">September 9, 2020<\/a><\/p><\/blockquote>\n<p> <script async src=\"https:\/\/platform.twitter.com\/widgets.js\" charset=\"utf-8\"><\/script> <\/p>\n<p style=\"text-align: center;\"><iframe loading=\"lazy\" width=\"640\" height=\"360\" src=\"https:\/\/www.youtube.com\/embed\/6aGDragrtI0\" frameborder=\"0\" allow=\"accelerometer; autoplay; encrypted-media; gyroscope; picture-in-picture\" allowfullscreen><\/iframe><\/p>\n","protected":false},"excerpt":{"rendered":"<p>Qui a dit ceci \u00e0 propos de la COVID-19 : &#8220;La chose que tout le monde doit savoir historiquement, c&#8217;est que m\u00eame s&#8217;il peut exister une transmission asymptomatique, dans toute l&#8217;histoire des virus respiratoires de n&#8217;importe quel type, la transmission asymptomatique n&#8217;a jamais \u00e9t\u00e9 d\u00e9terminante pour la propagation des \u00e9pid\u00e9mies. Le facteur d\u00e9terminant est toujours [&hellip;]<\/p>\n","protected":false},"author":1,"featured_media":0,"comment_status":"open","ping_status":"open","sticky":false,"template":"","format":"standard","meta":[],"categories":[4,3,29],"tags":[1663,1877,1542,1633,1880,1546],"_links":{"self":[{"href":"https:\/\/aitia.fr\/erd\/wp-json\/wp\/v2\/posts\/15907"}],"collection":[{"href":"https:\/\/aitia.fr\/erd\/wp-json\/wp\/v2\/posts"}],"about":[{"href":"https:\/\/aitia.fr\/erd\/wp-json\/wp\/v2\/types\/post"}],"author":[{"embeddable":true,"href":"https:\/\/aitia.fr\/erd\/wp-json\/wp\/v2\/users\/1"}],"replies":[{"embeddable":true,"href":"https:\/\/aitia.fr\/erd\/wp-json\/wp\/v2\/comments?post=15907"}],"version-history":[{"count":25,"href":"https:\/\/aitia.fr\/erd\/wp-json\/wp\/v2\/posts\/15907\/revisions"}],"predecessor-version":[{"id":15935,"href":"https:\/\/aitia.fr\/erd\/wp-json\/wp\/v2\/posts\/15907\/revisions\/15935"}],"wp:attachment":[{"href":"https:\/\/aitia.fr\/erd\/wp-json\/wp\/v2\/media?parent=15907"}],"wp:term":[{"taxonomy":"category","embeddable":true,"href":"https:\/\/aitia.fr\/erd\/wp-json\/wp\/v2\/categories?post=15907"},{"taxonomy":"post_tag","embeddable":true,"href":"https:\/\/aitia.fr\/erd\/wp-json\/wp\/v2\/tags?post=15907"}],"curies":[{"name":"wp","href":"https:\/\/api.w.org\/{rel}","templated":true}]}}