{"id":1584,"date":"2015-02-03T18:55:47","date_gmt":"2015-02-03T17:55:47","guid":{"rendered":"https:\/\/aitia.fr\/erd\/?p=1584"},"modified":"2015-02-09T13:34:59","modified_gmt":"2015-02-09T12:34:59","slug":"nous-chretiens-de-palestine-disons-allahu-akbar-globalepresse","status":"publish","type":"post","link":"https:\/\/aitia.fr\/erd\/nous-chretiens-de-palestine-disons-allahu-akbar-globalepresse\/","title":{"rendered":"Nous, Chr\u00e9tiens de Palestine, disons \u00ab Allahu Akbar \u00bb (globalepresse)"},"content":{"rendered":"<div id=\"attachment_1585\" style=\"width: 310px\" class=\"wp-caption alignleft\"><a href=\"https:\/\/globalepresse.files.wordpress.com\/2015\/02\/palestine_pop-si.jpg\" target=\"_blank\"><img aria-describedby=\"caption-attachment-1585\" decoding=\"async\" loading=\"lazy\" class=\"wp-image-1585 size-medium\" src=\"https:\/\/aitia.fr\/erd\/wp-content\/uploads\/2015\/02\/palestine_pop-si-300x270.jpg\" alt=\"L\u2019Archev\u00eaque Theodosios (Hanna) de Sebastia\" width=\"300\" height=\"270\" srcset=\"https:\/\/aitia.fr\/erd\/wp-content\/uploads\/2015\/02\/palestine_pop-si-300x270.jpg 300w, https:\/\/aitia.fr\/erd\/wp-content\/uploads\/2015\/02\/palestine_pop-si.jpg 431w\" sizes=\"(max-width: 300px) 100vw, 300px\" \/><\/a><p id=\"caption-attachment-1585\" class=\"wp-caption-text\">L\u2019Archev\u00eaque Theodosios de Sebastia &#8211; Photo Nadezhda Kevorkova<\/p><\/div>\n<p style=\"text-align: justify;\">Le seul \u00e9v\u00eaque palestinien chr\u00e9tien orthodoxe en Terre Sainte s\u2019exprime sur la souffrance des Chr\u00e9tiens de Palestine, leur unit\u00e9 avec les Musulmans dans la lutte palestinienne, les martyrs chr\u00e9tiens orthodoxes et l\u2019Ukraine.<\/p>\n<p style=\"text-align: justify;\">L\u2019Archev\u00eaque Sebastia Th\u00e9odosios (Atallah Hanna), 49 ans, est le seul archev\u00eaque chr\u00e9tien orthodoxe de Palestine \u00e0 \u00eatre en poste \u00e0 J\u00e9rusalem et en Terre Sainte, tandis que tous les autres \u00e9v\u00eaques du Patriarcat de J\u00e9rusalem sont des Grecs. Les autorit\u00e9s isra\u00e9liennes l\u2019ont plusieurs fois maintenu en d\u00e9tention, l\u2019ont arr\u00eat\u00e9 \u00e0 la fronti\u00e8re ou ont confisqu\u00e9 son passeport. Parmi tous les eccl\u00e9siastiques de J\u00e9rusalem, il est le seul qui ne jouisse pas du privil\u00e8ge de passer par la porte VIP \u00e0 l\u2019a\u00e9roport \u2013 \u00e0 cause de sa nationalit\u00e9. \u00ab\u00a0Pour les autorit\u00e9s isra\u00e9liennes je ne suis pas un \u00e9v\u00eaque, mais plut\u00f4t un Palestinien,\u00a0\u00bb explique son \u00c9minence. Quand il parle au t\u00e9l\u00e9phone il utilise beaucoup de mots qui sont d\u2019habitude entendus de la part de Musulmans: \u00ab\u00a0Alhamdulillah, Inch\u2019Allah, Macha\u2019Allah\u00a0\u00bb. Il parle l\u2019Arabe, et le mot arabe pour \u00ab\u00a0Dieu\u00a0\u00bb est Allah, que vous soyez chr\u00e9tien ou musulman.<\/p>\n<p style=\"text-align: justify;\"><a title=\"Nous, Chr\u00e9tiens de Palestine, disons \u00ab Allahu Akbar \u00bb\" href=\"https:\/\/globalepresse.com\/2015\/02\/01\/nous-chretiens-de-palestine-disons-allahu-akbar\/\" target=\"_blank\">Continuer la lecture\u00a0sur globalepresse\u00a0<span class=\"meta-nav\">\u2192<\/span><\/a><\/p>\n<p>&nbsp;<\/p>\n","protected":false},"excerpt":{"rendered":"<p>Le seul \u00e9v\u00eaque palestinien chr\u00e9tien orthodoxe en Terre Sainte s\u2019exprime sur la souffrance des Chr\u00e9tiens de Palestine, leur unit\u00e9 avec les Musulmans dans la lutte palestinienne, les martyrs chr\u00e9tiens orthodoxes et l\u2019Ukraine. L\u2019Archev\u00eaque Sebastia Th\u00e9odosios (Atallah Hanna), 49 ans, est le seul archev\u00eaque chr\u00e9tien orthodoxe de Palestine \u00e0 \u00eatre en poste \u00e0 J\u00e9rusalem et en [&hellip;]<\/p>\n","protected":false},"author":1,"featured_media":0,"comment_status":"open","ping_status":"open","sticky":false,"template":"","format":"standard","meta":[],"categories":[4,134],"tags":[160,145,48,161],"_links":{"self":[{"href":"https:\/\/aitia.fr\/erd\/wp-json\/wp\/v2\/posts\/1584"}],"collection":[{"href":"https:\/\/aitia.fr\/erd\/wp-json\/wp\/v2\/posts"}],"about":[{"href":"https:\/\/aitia.fr\/erd\/wp-json\/wp\/v2\/types\/post"}],"author":[{"embeddable":true,"href":"https:\/\/aitia.fr\/erd\/wp-json\/wp\/v2\/users\/1"}],"replies":[{"embeddable":true,"href":"https:\/\/aitia.fr\/erd\/wp-json\/wp\/v2\/comments?post=1584"}],"version-history":[{"count":6,"href":"https:\/\/aitia.fr\/erd\/wp-json\/wp\/v2\/posts\/1584\/revisions"}],"predecessor-version":[{"id":1699,"href":"https:\/\/aitia.fr\/erd\/wp-json\/wp\/v2\/posts\/1584\/revisions\/1699"}],"wp:attachment":[{"href":"https:\/\/aitia.fr\/erd\/wp-json\/wp\/v2\/media?parent=1584"}],"wp:term":[{"taxonomy":"category","embeddable":true,"href":"https:\/\/aitia.fr\/erd\/wp-json\/wp\/v2\/categories?post=1584"},{"taxonomy":"post_tag","embeddable":true,"href":"https:\/\/aitia.fr\/erd\/wp-json\/wp\/v2\/tags?post=1584"}],"curies":[{"name":"wp","href":"https:\/\/api.w.org\/{rel}","templated":true}]}}