{"id":15821,"date":"2020-09-09T18:16:30","date_gmt":"2020-09-09T16:16:30","guid":{"rendered":"https:\/\/aitia.fr\/erd\/?p=15821"},"modified":"2020-11-30T21:36:17","modified_gmt":"2020-11-30T20:36:17","slug":"covid-19-les-essais-du-vaccin-doxford-interrompus-par-le-groupe-astrazeneca-france-24","status":"publish","type":"post","link":"https:\/\/aitia.fr\/erd\/covid-19-les-essais-du-vaccin-doxford-interrompus-par-le-groupe-astrazeneca-france-24\/","title":{"rendered":"Covid-19 : les essais du vaccin d&#8217;Oxford interrompus <br>par le groupe AstraZeneca (France 24)"},"content":{"rendered":"<p style=\"text-align: justify;\">[<em>Note de l&#8217;administrateur de ce blog : tout va bien&#8230; l&#8217;industrie des vaccins est <a href=\"https:\/\/aitia.fr\/erd\/vaccins-point-de-vue-dun-vaccinologue\/\" target=\"_blank\" rel=\"noopener noreferrer\">parfaitement s\u00fbre<\/a> et <a href=\"https:\/\/aitia.fr\/erd\/toxic-story\/\" target=\"_blank\" rel=\"noopener noreferrer\">d\u00e9sint\u00e9ress\u00e9e<\/a>. <a href=\"https:\/\/aitia.fr\/erd\/etude-recovery-comment-la-fondation-bill-gates-a-finance-le-suicide-des-malades-anglais-a-lhydroxychloroquine-patrice-gibertie\/\" target=\"_blank\" rel=\"noopener noreferrer\">Faites-lui confiance<\/a>.<\/em>]<\/p>\n<hr \/>\n<p style=\"text-align: center;\"><iframe loading=\"lazy\" src=\"https:\/\/www.youtube.com\/embed\/_psrP-Bab4s\" width=\"640\" height=\"360\" frameborder=\"0\" allowfullscreen=\"allowfullscreen\"><\/iframe><\/p>\n<p style=\"text-align: justify;\"><strong>Mise \u00e0 jour du 27 novembre :<\/strong> ah tiens, m\u00eame France 2 commence \u00e0 parler des effets secondaires possibles et graves des vaccins sous forme de maladies auto-immunes&#8230; le complotisme deviendrait-il <em>mainstream<\/em> ? Ou bien s&#8217;agit-il simplement du retour du bon sens, qui dit qu&#8217;en trifouillant dans le syst\u00e8me immunitaire avec des m\u00e9thodes que l&#8217;\u00e9volution n&#8217;a pas eu le temps de trier, on risque dans certains cas de le faire partir en sucette ? Et que la prescription m\u00e9dicale est une affaire individuelle pour laquelle toute g\u00e9n\u00e9ralisation brutale est vou\u00e9e \u00e0 l&#8217;\u00e9chec, ce qui \u00e9videmment n&#8217;arrange pas les affaires des industriels et de leur mode de fonctionnement par standardisation ?<\/p>\n<blockquote class=\"twitter-tweet\" data-width=\"550\" data-dnt=\"true\">\n<p lang=\"fr\" dir=\"ltr\">La Chose la plus inqui\u00e9tante dans un vaccin, c&#39;est la r\u00e9ponse immune ! Aujourd&#39;hui un m\u00e9decin qui vous recommande de vous faire vacciner contre le Covid, est soit un idiot, soit pay\u00e9 par Big Pharma ! <a href=\"https:\/\/t.co\/vBodKBWvqP\">pic.twitter.com\/vBodKBWvqP<\/a><\/p>\n<p>&mdash; SILVANO (@silvano_trotta) <a href=\"https:\/\/twitter.com\/silvano_trotta\/status\/1332219479363883008?ref_src=twsrc%5Etfw\">November 27, 2020<\/a><\/p><\/blockquote>\n<p><script async src=\"https:\/\/platform.twitter.com\/widgets.js\" charset=\"utf-8\"><\/script><\/p>\n","protected":false},"excerpt":{"rendered":"<p>[Note de l&#8217;administrateur de ce blog : tout va bien&#8230; l&#8217;industrie des vaccins est parfaitement s\u00fbre et d\u00e9sint\u00e9ress\u00e9e. Faites-lui confiance.] Mise \u00e0 jour du 27 novembre : ah tiens, m\u00eame France 2 commence \u00e0 parler des effets secondaires possibles et graves des vaccins sous forme de maladies auto-immunes&#8230; le complotisme deviendrait-il mainstream ? Ou bien [&hellip;]<\/p>\n","protected":false},"author":1,"featured_media":0,"comment_status":"open","ping_status":"open","sticky":false,"template":"","format":"video","meta":[],"categories":[4,133],"tags":[1870,1542,1868,846,1869,852],"_links":{"self":[{"href":"https:\/\/aitia.fr\/erd\/wp-json\/wp\/v2\/posts\/15821"}],"collection":[{"href":"https:\/\/aitia.fr\/erd\/wp-json\/wp\/v2\/posts"}],"about":[{"href":"https:\/\/aitia.fr\/erd\/wp-json\/wp\/v2\/types\/post"}],"author":[{"embeddable":true,"href":"https:\/\/aitia.fr\/erd\/wp-json\/wp\/v2\/users\/1"}],"replies":[{"embeddable":true,"href":"https:\/\/aitia.fr\/erd\/wp-json\/wp\/v2\/comments?post=15821"}],"version-history":[{"count":7,"href":"https:\/\/aitia.fr\/erd\/wp-json\/wp\/v2\/posts\/15821\/revisions"}],"predecessor-version":[{"id":16912,"href":"https:\/\/aitia.fr\/erd\/wp-json\/wp\/v2\/posts\/15821\/revisions\/16912"}],"wp:attachment":[{"href":"https:\/\/aitia.fr\/erd\/wp-json\/wp\/v2\/media?parent=15821"}],"wp:term":[{"taxonomy":"category","embeddable":true,"href":"https:\/\/aitia.fr\/erd\/wp-json\/wp\/v2\/categories?post=15821"},{"taxonomy":"post_tag","embeddable":true,"href":"https:\/\/aitia.fr\/erd\/wp-json\/wp\/v2\/tags?post=15821"}],"curies":[{"name":"wp","href":"https:\/\/api.w.org\/{rel}","templated":true}]}}