{"id":15784,"date":"2020-09-09T07:09:37","date_gmt":"2020-09-09T05:09:37","guid":{"rendered":"https:\/\/aitia.fr\/erd\/?p=15784"},"modified":"2020-09-09T07:09:37","modified_gmt":"2020-09-09T05:09:37","slug":"quand-macron-manque-de-setouffer-devant-des-lyceens-a-cause-de-son-masque-le-parisien","status":"publish","type":"post","link":"https:\/\/aitia.fr\/erd\/quand-macron-manque-de-setouffer-devant-des-lyceens-a-cause-de-son-masque-le-parisien\/","title":{"rendered":"Quand Macron manque de s\u2019\u00e9touffer devant des lyc\u00e9ens&#8230; <br>\u00e0 cause de son masque (Le Parisien)"},"content":{"rendered":"<p style=\"text-align: center;\"><iframe loading=\"lazy\" src=\"https:\/\/www.youtube.com\/embed\/Drx-1hxUe1U\" width=\"640\" height=\"360\" frameborder=\"0\" allowfullscreen=\"allowfullscreen\"><span style=\"display: inline-block; width: 0px; overflow: hidden; line-height: 0;\" data-mce-type=\"bookmark\" class=\"mce_SELRES_start\">\ufeff<\/span><\/iframe><\/p>\n","protected":false},"excerpt":{"rendered":"<p>\ufeff<\/p>\n","protected":false},"author":1,"featured_media":0,"comment_status":"open","ping_status":"open","sticky":false,"template":"","format":"video","meta":[],"categories":[134,133,5],"tags":[112,566,1866,1772,48,1144,1867],"_links":{"self":[{"href":"https:\/\/aitia.fr\/erd\/wp-json\/wp\/v2\/posts\/15784"}],"collection":[{"href":"https:\/\/aitia.fr\/erd\/wp-json\/wp\/v2\/posts"}],"about":[{"href":"https:\/\/aitia.fr\/erd\/wp-json\/wp\/v2\/types\/post"}],"author":[{"embeddable":true,"href":"https:\/\/aitia.fr\/erd\/wp-json\/wp\/v2\/users\/1"}],"replies":[{"embeddable":true,"href":"https:\/\/aitia.fr\/erd\/wp-json\/wp\/v2\/comments?post=15784"}],"version-history":[{"count":2,"href":"https:\/\/aitia.fr\/erd\/wp-json\/wp\/v2\/posts\/15784\/revisions"}],"predecessor-version":[{"id":15786,"href":"https:\/\/aitia.fr\/erd\/wp-json\/wp\/v2\/posts\/15784\/revisions\/15786"}],"wp:attachment":[{"href":"https:\/\/aitia.fr\/erd\/wp-json\/wp\/v2\/media?parent=15784"}],"wp:term":[{"taxonomy":"category","embeddable":true,"href":"https:\/\/aitia.fr\/erd\/wp-json\/wp\/v2\/categories?post=15784"},{"taxonomy":"post_tag","embeddable":true,"href":"https:\/\/aitia.fr\/erd\/wp-json\/wp\/v2\/tags?post=15784"}],"curies":[{"name":"wp","href":"https:\/\/api.w.org\/{rel}","templated":true}]}}