{"id":15761,"date":"2020-09-07T13:27:03","date_gmt":"2020-09-07T11:27:03","guid":{"rendered":"https:\/\/aitia.fr\/erd\/?p=15761"},"modified":"2020-09-07T13:27:03","modified_gmt":"2020-09-07T11:27:03","slug":"le-referent-covid-dans-les-entreprises-sera-t-il-arme-er","status":"publish","type":"post","link":"https:\/\/aitia.fr\/erd\/le-referent-covid-dans-les-entreprises-sera-t-il-arme-er\/","title":{"rendered":"Le &#8220;r\u00e9f\u00e9rent Covid&#8221; dans les entreprises sera-t-il arm\u00e9 ? (E&#038;R)"},"content":{"rendered":"<p style=\"text-align: justify;\"><strong><a href=\"https:\/\/www.propuls.fr\/nos-dernieres-actualites\/referent-covid-19\/\" target=\"_blank\" rel=\"noopener noreferrer\"><img decoding=\"async\" loading=\"lazy\" class=\"alignleft wp-image-15763\" src=\"https:\/\/aitia.fr\/erd\/wp-content\/uploads\/2020\/09\/ref-covid.jpg\" alt=\"\" width=\"400\" height=\"275\" srcset=\"https:\/\/aitia.fr\/erd\/wp-content\/uploads\/2020\/09\/ref-covid.jpg 844w, https:\/\/aitia.fr\/erd\/wp-content\/uploads\/2020\/09\/ref-covid-300x206.jpg 300w, https:\/\/aitia.fr\/erd\/wp-content\/uploads\/2020\/09\/ref-covid-768x528.jpg 768w, https:\/\/aitia.fr\/erd\/wp-content\/uploads\/2020\/09\/ref-covid-600x412.jpg 600w\" sizes=\"(max-width: 400px) 100vw, 400px\" \/><\/a><\/strong>[<em>Note de l&#8217;administrateur de ce blog : aucun totalitarisme n&#8217;avance en se pr\u00e9sentant comme tel ; c&#8217;est toujours &#8220;pour le bien&#8221; et &#8220;parce que c&#8217;est n\u00e9cessaire&#8221; que les mesures les plus violentes et attentatoires aux libert\u00e9s sont prises.<\/em>]<\/p>\n<hr \/>\n<p style=\"text-align: justify;\"><strong>Un jour, \u00e0 La R\u00e9daction, on s\u2019est moqu\u00e9 du <a href=\"https:\/\/www.youtube.com\/watch?v=GKDxpbWkWi8\" target=\"_blank\" rel=\"noopener noreferrer\"><i>chief happiness officer<\/i><\/a>, le responsable dans l\u2019entreprise du bonheur g\u00e9n\u00e9ral. Le CHO n\u2019\u00e9tait pas obligatoire, c\u2019\u00e9tait juste une tendance \u00e0 la con comme il y en a beaucoup dans le monde du nouveau management. Mais l\u00e0, l\u2019oligarchie vient de nous pondre une nouveaut\u00e9 intrigante, un \u0153uf d\u2019autruche qui sortirait d\u2019un cul de poule bien malade&#8230; <\/strong><\/p>\n<p style=\"text-align: justify;\">Le <i>r\u00e9f\u00e9rent Covid<\/i>, c\u2019est le fayot qui va \u00eatre d\u00e9sign\u00e9 dans chaque entreprise pour faire respecter la r\u00e9pression sanitaire du gouvernement vendu aux grands int\u00e9r\u00eats pharmaceutiques.<\/p>\n<blockquote class=\"spip\">\n<p style=\"text-align: justify;\">\u00ab\u00a0Les entreprises, oblig\u00e9es d\u2019organiser des mesures sanitaires dans les locaux, attendent de savoir si elles seront oblig\u00e9es de d\u00e9signer un &#8220;r\u00e9f\u00e9rent Covid&#8221;. C\u2019est la mesure qui reste en suspens dans le nouveau protocole destin\u00e9 \u00e0 d\u00e9confiner les usines et les bureaux. Mais certaines entreprises ont d\u00e9j\u00e0 pris les devants. No\u00e9mie Gillon a ainsi \u00e9t\u00e9 d\u00e9sign\u00e9e pour traquer le non respect des r\u00e8gles sanitaires sur les chantiers d\u2019une entreprise. Port du masque, distanciation sociale, elle \u00e0 l\u2019\u0153il sur tout.\u00a0\u00bb (<a href=\"https:\/\/www.francetvinfo.fr\/sante\/maladie\/coronavirus\/deconfinement-a-quoi-sert-un-referent-covid-dans-les-entreprises_4020241.html\" target=\"_blank\" rel=\"noopener noreferrer\"><strong>France Info<\/strong><\/a>)<\/p>\n<\/blockquote>\n<p><\/p>\n<p style=\"text-align: justify;\"><a href=\"https:\/\/www.egaliteetreconciliation.fr\/Le-referent-Covid-dans-les-entreprises-sera-t-il-arme-60774.html\" target=\"_blank\" rel=\"noopener noreferrer\">Continuer la lecture sur \u00c9galit\u00e9 &amp; R\u00e9conciliation \u2192<\/a><\/p>\n","protected":false},"excerpt":{"rendered":"<p>[Note de l&#8217;administrateur de ce blog : aucun totalitarisme n&#8217;avance en se pr\u00e9sentant comme tel ; c&#8217;est toujours &#8220;pour le bien&#8221; et &#8220;parce que c&#8217;est n\u00e9cessaire&#8221; que les mesures les plus violentes et attentatoires aux libert\u00e9s sont prises.] Un jour, \u00e0 La R\u00e9daction, on s\u2019est moqu\u00e9 du chief happiness officer, le responsable dans l\u2019entreprise du [&hellip;]<\/p>\n","protected":false},"author":1,"featured_media":0,"comment_status":"open","ping_status":"open","sticky":false,"template":"","format":"standard","meta":[],"categories":[4,134],"tags":[117,1864,1687,327,1863],"_links":{"self":[{"href":"https:\/\/aitia.fr\/erd\/wp-json\/wp\/v2\/posts\/15761"}],"collection":[{"href":"https:\/\/aitia.fr\/erd\/wp-json\/wp\/v2\/posts"}],"about":[{"href":"https:\/\/aitia.fr\/erd\/wp-json\/wp\/v2\/types\/post"}],"author":[{"embeddable":true,"href":"https:\/\/aitia.fr\/erd\/wp-json\/wp\/v2\/users\/1"}],"replies":[{"embeddable":true,"href":"https:\/\/aitia.fr\/erd\/wp-json\/wp\/v2\/comments?post=15761"}],"version-history":[{"count":7,"href":"https:\/\/aitia.fr\/erd\/wp-json\/wp\/v2\/posts\/15761\/revisions"}],"predecessor-version":[{"id":15769,"href":"https:\/\/aitia.fr\/erd\/wp-json\/wp\/v2\/posts\/15761\/revisions\/15769"}],"wp:attachment":[{"href":"https:\/\/aitia.fr\/erd\/wp-json\/wp\/v2\/media?parent=15761"}],"wp:term":[{"taxonomy":"category","embeddable":true,"href":"https:\/\/aitia.fr\/erd\/wp-json\/wp\/v2\/categories?post=15761"},{"taxonomy":"post_tag","embeddable":true,"href":"https:\/\/aitia.fr\/erd\/wp-json\/wp\/v2\/tags?post=15761"}],"curies":[{"name":"wp","href":"https:\/\/api.w.org\/{rel}","templated":true}]}}