{"id":15711,"date":"2020-09-04T20:01:30","date_gmt":"2020-09-04T18:01:30","guid":{"rendered":"https:\/\/aitia.fr\/erd\/?p=15711"},"modified":"2020-09-04T20:01:30","modified_gmt":"2020-09-04T18:01:30","slug":"en-france-une-poignee-dindividus-face-au-totalitarisme-pseudo-sanitaire-un-peu-dair-frais","status":"publish","type":"post","link":"https:\/\/aitia.fr\/erd\/en-france-une-poignee-dindividus-face-au-totalitarisme-pseudo-sanitaire-un-peu-dair-frais\/","title":{"rendered":"En France, une poign\u00e9e d\u2019individus face au totalitarisme pseudo sanitaire (Un peu d&#8217;air frais)"},"content":{"rendered":"<p style=\"text-align: justify;\"><a href=\"https:\/\/fr.wikipedia.org\/wiki\/THX_1138\" target=\"_blank\" rel=\"noopener noreferrer\"><img decoding=\"async\" loading=\"lazy\" class=\"alignleft wp-image-15714\" src=\"https:\/\/aitia.fr\/erd\/wp-content\/uploads\/2020\/09\/thx1138_1_758_426_81_s_c1.jpg\" alt=\"\" width=\"406\" height=\"228\" srcset=\"https:\/\/aitia.fr\/erd\/wp-content\/uploads\/2020\/09\/thx1138_1_758_426_81_s_c1.jpg 758w, https:\/\/aitia.fr\/erd\/wp-content\/uploads\/2020\/09\/thx1138_1_758_426_81_s_c1-300x169.jpg 300w, https:\/\/aitia.fr\/erd\/wp-content\/uploads\/2020\/09\/thx1138_1_758_426_81_s_c1-600x337.jpg 600w\" sizes=\"(max-width: 406px) 100vw, 406px\" \/><\/a>[<em>Note de l&#8217;administrateur de ce blog : sombre, violent, \u00e0 l&#8217;image des temps.<\/em>]<\/p>\n<hr \/>\n<blockquote>\n<p style=\"text-align: justify;\"><em>&#8220;La bourgeoisie a d\u00e9pouill\u00e9 de leur aur\u00e9ole toutes les professions jusque-l\u00e0 r\u00e9put\u00e9es v\u00e9n\u00e9rables et v\u00e9n\u00e9r\u00e9es. Du m\u00e9decin, du juriste, du pr\u00eatre, du po\u00e8te, du savant, elle a fait des travailleurs salari\u00e9s.&#8221;<\/em><\/p>\n<p style=\"text-align: justify;\">Manifeste du parti communiste, Karl Marx, Friedrich Engels<\/p>\n<p style=\"text-align: justify;\"><em>&#8220;Or aujourd\u2019hui, les individus, c\u2019est ce qui manque le plus. Le marxisme nous avait assez expliqu\u00e9 que l\u2019homme n\u2019est que le produit des conditions sociales dans lesquelles il vit, que sa conscience individuelle n\u2019est qu\u2019une illusion, sa libert\u00e9 un leurre, etc. Eh bien, voil\u00e0, \u00e0 force d\u2019\u00e9crire des choses horribles, elles finissent par arriver !&#8221;<\/em><\/p>\n<p style=\"text-align: justify;\">Dialogues sur l\u2019ach\u00e8vement des temps modernes, Jaime Semprun<\/p>\n<\/blockquote>\n<p>&nbsp;<\/p>\n<p style=\"text-align: justify;\">La soci\u00e9t\u00e9 du spectacle qui n\u2019est que l\u2019exercice du pouvoir par la pratique permanente du mensonge, aboutit in\u00e9luctablement \u00e0 sa forme politique la plus ad\u00e9quate : le totalitarisme.<\/p>\n<p style=\"text-align: justify;\">La fausse pand\u00e9mie du coronavirus est le moyen efficace et opportuniste de son instauration. Le virus existe et a tu\u00e9 mais ce fut le plus souvent d\u00fb \u00e0 la volont\u00e9 implacable de l\u2019Etat moderne capitaliste mondialiste d\u2019interdire les traitements existants. La mise en sc\u00e8ne sordide des n\u00e9cromanciens de l\u2019Etat attisant la terreur avec le chiffrage quotidien des d\u00e9c\u00e8s restera l\u2019exemple le plus abominable de la pratique du mensonge politico-m\u00e9diatique. Qu\u2019il soit clair que nous ne nions pas l\u2019existence du virus et son caract\u00e8re agressif, que son origine soit naturelle ou due \u00e0 une fabrication en laboratoire avec fuite accidentelle ou encore \u00e0 des fins d\u2019utilisation d\u2019arme bact\u00e9riologique. Mais l\u2019escroquerie de la production falsifi\u00e9e des chiffres des d\u00e9c\u00e8s, le confinement autoritaire et le d\u00e9ni des traitements entre autres par la mise au ban de l\u2019hydroxychloroquine, ont repr\u00e9sent\u00e9 les moyens s\u00fbrs de la production d\u2019une terreur de masse justifiant la voie totalitaire.<\/p>\n<p><a href=\"http:\/\/unpeudairfrais.org\/en-france-une-poignee-dindividus-face-au-totalitarisme-pseudo-sanitaire\/\" target=\"_blank\" rel=\"noopener noreferrer\">Continuer la lecture sur <em>Un peu d&#8217;air frais<\/em> \u2192<\/a><\/p>\n<p>Bonus : t\u00e9moignage d&#8217;une m\u00e8re d&#8217;\u00e9l\u00e8ve de 6\u00e8me, France, 3 septembre 2020.<\/p>\n<p style=\"text-align: center;\"><iframe loading=\"lazy\" src=\"https:\/\/www.youtube.com\/embed\/PAVdRQe4LdQ\" width=\"640\" height=\"360\" frameborder=\"0\" allowfullscreen=\"allowfullscreen\"><\/iframe><\/p>\n","protected":false},"excerpt":{"rendered":"<p>[Note de l&#8217;administrateur de ce blog : sombre, violent, \u00e0 l&#8217;image des temps.] &#8220;La bourgeoisie a d\u00e9pouill\u00e9 de leur aur\u00e9ole toutes les professions jusque-l\u00e0 r\u00e9put\u00e9es v\u00e9n\u00e9rables et v\u00e9n\u00e9r\u00e9es. Du m\u00e9decin, du juriste, du pr\u00eatre, du po\u00e8te, du savant, elle a fait des travailleurs salari\u00e9s.&#8221; Manifeste du parti communiste, Karl Marx, Friedrich Engels &#8220;Or aujourd\u2019hui, les [&hellip;]<\/p>\n","protected":false},"author":1,"featured_media":0,"comment_status":"open","ping_status":"open","sticky":false,"template":"","format":"standard","meta":[],"categories":[134,133],"tags":[1687,785,1772,1546,742,554],"_links":{"self":[{"href":"https:\/\/aitia.fr\/erd\/wp-json\/wp\/v2\/posts\/15711"}],"collection":[{"href":"https:\/\/aitia.fr\/erd\/wp-json\/wp\/v2\/posts"}],"about":[{"href":"https:\/\/aitia.fr\/erd\/wp-json\/wp\/v2\/types\/post"}],"author":[{"embeddable":true,"href":"https:\/\/aitia.fr\/erd\/wp-json\/wp\/v2\/users\/1"}],"replies":[{"embeddable":true,"href":"https:\/\/aitia.fr\/erd\/wp-json\/wp\/v2\/comments?post=15711"}],"version-history":[{"count":12,"href":"https:\/\/aitia.fr\/erd\/wp-json\/wp\/v2\/posts\/15711\/revisions"}],"predecessor-version":[{"id":15724,"href":"https:\/\/aitia.fr\/erd\/wp-json\/wp\/v2\/posts\/15711\/revisions\/15724"}],"wp:attachment":[{"href":"https:\/\/aitia.fr\/erd\/wp-json\/wp\/v2\/media?parent=15711"}],"wp:term":[{"taxonomy":"category","embeddable":true,"href":"https:\/\/aitia.fr\/erd\/wp-json\/wp\/v2\/categories?post=15711"},{"taxonomy":"post_tag","embeddable":true,"href":"https:\/\/aitia.fr\/erd\/wp-json\/wp\/v2\/tags?post=15711"}],"curies":[{"name":"wp","href":"https:\/\/api.w.org\/{rel}","templated":true}]}}