{"id":15678,"date":"2020-09-02T14:16:27","date_gmt":"2020-09-02T12:16:27","guid":{"rendered":"https:\/\/aitia.fr\/erd\/?p=15678"},"modified":"2020-09-02T14:16:27","modified_gmt":"2020-09-02T12:16:27","slug":"la-ligue-de-defense-noire-claque-des-fesses-devant-le-lobby-sioniste-er","status":"publish","type":"post","link":"https:\/\/aitia.fr\/erd\/la-ligue-de-defense-noire-claque-des-fesses-devant-le-lobby-sioniste-er\/","title":{"rendered":"La Ligue de d\u00e9fense noire claque des fesses devant le lobby sioniste ! (E&#038;R)"},"content":{"rendered":"<p style=\"text-align: justify;\"><a href=\"https:\/\/aitia.fr\/erd\/wp-content\/uploads\/2020\/09\/Capture-de\u0301cran-2020-09-02-a\u0300-13.15.42.png\"><img decoding=\"async\" loading=\"lazy\" class=\"alignleft wp-image-15682\" src=\"https:\/\/aitia.fr\/erd\/wp-content\/uploads\/2020\/09\/Capture-de\u0301cran-2020-09-02-a\u0300-13.15.42.png\" alt=\"\" width=\"400\" height=\"332\" srcset=\"https:\/\/aitia.fr\/erd\/wp-content\/uploads\/2020\/09\/Capture-de\u0301cran-2020-09-02-a\u0300-13.15.42.png 800w, https:\/\/aitia.fr\/erd\/wp-content\/uploads\/2020\/09\/Capture-de\u0301cran-2020-09-02-a\u0300-13.15.42-300x249.png 300w, https:\/\/aitia.fr\/erd\/wp-content\/uploads\/2020\/09\/Capture-de\u0301cran-2020-09-02-a\u0300-13.15.42-768x636.png 768w, https:\/\/aitia.fr\/erd\/wp-content\/uploads\/2020\/09\/Capture-de\u0301cran-2020-09-02-a\u0300-13.15.42-600x497.png 600w\" sizes=\"(max-width: 400px) 100vw, 400px\" \/><\/a>[<em>Note de l&#8217;administrateur de ce blog : excellent petit r\u00e9sum\u00e9 d&#8217;une vraie-fausse s\u00e9rie t\u00e9l\u00e9vis\u00e9e, et preuve suppl\u00e9metaire que la France n&#8217;est pas gouvern\u00e9e mais dirig\u00e9e par des gangs&#8230; qui parfois font des gaffes vu la &#8220;qualit\u00e9&#8221; de leurs acteurs.<\/em><\/p>\n<p style=\"text-align: justify;\"><em>Pour quiconque appr\u00e9cie l&#8217;humour noir (sans jeu de mots), la France est actuellement un spectacle gratuit permanent. Le probl\u00e8me, c&#8217;est que beaucoup pr\u00e9f\u00e8reraient qu&#8217;elle soit r\u00e9ellement gouvern\u00e9e plut\u00f4t que pill\u00e9e et massacr\u00e9e par de mauvais acteurs de s\u00e9rie B.<\/em>]<\/p>\n<hr \/>\n<p style=\"text-align: justify;\"><strong>C\u2019est la s\u00e9rie (politique) culte du moment, qui chaque jour offre des rebondissements. Elle met aux prises l\u2019hebdomadaire de droite <i>Valeurs actuelles<\/i> et la Ligue de d\u00e9fense noire africaine, une m\u00e9tastase de SOS Racisme \u00e0 la sauce noire. Pour ceux qui ont rat\u00e9 les premiers \u00e9pisodes et m\u00eame tous les \u00e9pisodes, E&amp;R revient sur chaque fait marquant de cette excitante guerre des gangs.<\/strong><\/p>\n<p><strong>\u00c9pisode 1 : Lejeune lance une bombe incendiaire contre Obono<\/strong><\/p>\n<p style=\"text-align: justify;\">Sans pr\u00e9venir, l\u2019hebdo du groupe Valmonde, propri\u00e9t\u00e9 du Libanais chelou Iskandar Safa publie un article d\u2019\u00e9t\u00e9 sur Dani\u00e8le Obono, la jeune Franco-Gabonaise devenue d\u00e9put\u00e9 pour La France insoumise. Il s\u2019agit d\u2019une fiction \u00e0 partir de personnages r\u00e9els. Rien de bien grave, mais Dani\u00e8le y est transport\u00e9e dans le temps en devenant une esclave.<\/p>\n<p><img decoding=\"async\" loading=\"lazy\" class=\"aligncenter size-full wp-image-15679\" src=\"https:\/\/aitia.fr\/erd\/wp-content\/uploads\/2020\/09\/obono_lafricaine-e8fd3.jpg\" alt=\"\" width=\"650\" height=\"526\" srcset=\"https:\/\/aitia.fr\/erd\/wp-content\/uploads\/2020\/09\/obono_lafricaine-e8fd3.jpg 650w, https:\/\/aitia.fr\/erd\/wp-content\/uploads\/2020\/09\/obono_lafricaine-e8fd3-300x243.jpg 300w, https:\/\/aitia.fr\/erd\/wp-content\/uploads\/2020\/09\/obono_lafricaine-e8fd3-600x486.jpg 600w\" sizes=\"(max-width: 650px) 100vw, 650px\" \/><\/p>\n<p style=\"text-align: justify;\">\u00c9videmment, le journal se fout un peu de sa gueule :<\/p>\n<p><a href=\"https:\/\/www.egaliteetreconciliation.fr\/La-Ligue-de-defense-noire-claque-des-fesses-devant-le-lobby-sioniste-60692.html\" target=\"_blank\" rel=\"noopener noreferrer\">Continuer la lecture sur \u00c9galit\u00e9 &amp; R\u00e9conciliation \u2192<\/a><\/p>\n<div><\/div>\n","protected":false},"excerpt":{"rendered":"<p>[Note de l&#8217;administrateur de ce blog : excellent petit r\u00e9sum\u00e9 d&#8217;une vraie-fausse s\u00e9rie t\u00e9l\u00e9vis\u00e9e, et preuve suppl\u00e9metaire que la France n&#8217;est pas gouvern\u00e9e mais dirig\u00e9e par des gangs&#8230; qui parfois font des gaffes vu la &#8220;qualit\u00e9&#8221; de leurs acteurs. Pour quiconque appr\u00e9cie l&#8217;humour noir (sans jeu de mots), la France est actuellement un spectacle gratuit [&hellip;]<\/p>\n","protected":false},"author":1,"featured_media":0,"comment_status":"open","ping_status":"open","sticky":false,"template":"","format":"standard","meta":[],"categories":[4,5,29],"tags":[23,1848,1849,31,1847,1850,1458],"_links":{"self":[{"href":"https:\/\/aitia.fr\/erd\/wp-json\/wp\/v2\/posts\/15678"}],"collection":[{"href":"https:\/\/aitia.fr\/erd\/wp-json\/wp\/v2\/posts"}],"about":[{"href":"https:\/\/aitia.fr\/erd\/wp-json\/wp\/v2\/types\/post"}],"author":[{"embeddable":true,"href":"https:\/\/aitia.fr\/erd\/wp-json\/wp\/v2\/users\/1"}],"replies":[{"embeddable":true,"href":"https:\/\/aitia.fr\/erd\/wp-json\/wp\/v2\/comments?post=15678"}],"version-history":[{"count":6,"href":"https:\/\/aitia.fr\/erd\/wp-json\/wp\/v2\/posts\/15678\/revisions"}],"predecessor-version":[{"id":15687,"href":"https:\/\/aitia.fr\/erd\/wp-json\/wp\/v2\/posts\/15678\/revisions\/15687"}],"wp:attachment":[{"href":"https:\/\/aitia.fr\/erd\/wp-json\/wp\/v2\/media?parent=15678"}],"wp:term":[{"taxonomy":"category","embeddable":true,"href":"https:\/\/aitia.fr\/erd\/wp-json\/wp\/v2\/categories?post=15678"},{"taxonomy":"post_tag","embeddable":true,"href":"https:\/\/aitia.fr\/erd\/wp-json\/wp\/v2\/tags?post=15678"}],"curies":[{"name":"wp","href":"https:\/\/api.w.org\/{rel}","templated":true}]}}