{"id":15597,"date":"2020-08-21T08:57:52","date_gmt":"2020-08-21T06:57:52","guid":{"rendered":"https:\/\/aitia.fr\/erd\/?p=15597"},"modified":"2020-08-21T09:13:00","modified_gmt":"2020-08-21T07:13:00","slug":"masques-2e-vague-le-pr-toussaint-demolit-les-mensonges-du-conseil-scientifique-er","status":"publish","type":"post","link":"https:\/\/aitia.fr\/erd\/masques-2e-vague-le-pr-toussaint-demolit-les-mensonges-du-conseil-scientifique-er\/","title":{"rendered":"Masques, 2e vague : le Pr Toussaint d\u00e9molit les mensonges du Conseil scientifique (E&#038;R)"},"content":{"rendered":"<p style=\"text-align: justify;\">[<em>Note de l&#8217;administrateur de ce blog : la p\u00e9dagogie est l&#8217;art de la r\u00e9p\u00e9tition ; j&#8217;encourage donc chacun \u00e0 r\u00e9p\u00e9ter ces propos du <a href=\"https:\/\/fr.wikipedia.org\/wiki\/Jean-Fran%C3%A7ois_Toussaint\" rel=\"noopener noreferrer\" target=\"_blank\">Pr. Jean-Fran\u00e7ois Toussaint<\/a> \u00e0 son entourage jusqu&#8217;\u00e0 ce que \u00e7a rentre : il n&#8217;y a pas, il n&#8217;y a jamais eu jusqu&#8217;\u00e0 pr\u00e9sent de deuxi\u00e8me vague, et une personne test\u00e9e positive au SARS-CoV2 n&#8217;est pas un(e) malade.<\/em>]<\/p>\n<hr \/>\n<p style=\"text-align: justify;\"><strong>Apr\u00e8s la d\u00e9monstration brutale et sans faille du Pr Toussaint, l\u2019animateur de CNews sur le plateau de <i>Quoi de news<\/i> le 18 ao\u00fbt 2020 tombe de sa chaise (\u00e0 4\u201914). Ou quand l\u2019esprit vient aux journalistes&#8230; <\/strong><\/p>\n<blockquote class=\"spip\">\n<p style=\"text-align: justify;\"><strong>CNews <\/strong>\u00a0: \u00ab\u00a0\u00c9coutez, franchement cette explication d\u00e9j\u00e0 elle \u00e9tait suffisamment claire et on voit ces chiffres, mais l\u00e0 quand je vous entends j\u2019ai tr\u00e8s peur, je suis en train de me dire, d\u00e9j\u00e0 un\u00a0: est-ce qu\u2019on fait peur aux gens pour rien\u00a0?\u00a0; la deuxi\u00e8me chose c\u2019est \u00e0 charge aussi pour les politiques et pour les personnes qui sont au plus haut sommet de l\u2019\u00c9tat qui aujourd\u2019hui nous disent \u201cil faut porter le masque en ext\u00e9rieur\u201d. En septembre, le Conseil scientifique vous en parliez, le Conseil scientifique qui dit \u00e0 l\u2019automne \u201con risque d\u2019avoir une seconde vague\u201d, donc vous \u00eates en train de balayer en disant \u201cmais attendez, l\u00e0 les faits sont bien pr\u00e9sents, il n\u2019y a ni rebond de l\u2019\u00e9pid\u00e9mie, il y a ni m\u00eame un fr\u00e9missement, il y a des nouveaux cas qui sont confirm\u00e9s, mais ce ne sont pas des cas graves\u201d.\u00a0\u00bb<\/p>\n<p style=\"text-align: justify;\"><strong>Toussaint <\/strong>\u00a0: \u00ab\u00a0C\u2019est absolument le cas, et qui plus est le Conseil scientifique, lorsqu\u2019il nous annonce la \u00e9ni\u00e8me deuxi\u00e8me vague la semaine derni\u00e8re, un certain nombre de ses membres sont sur leur site de vacances. Si je le dis c\u2019est parce qu\u2019ils l\u2019annoncent publiquement sur les radios publiques.\u00a0\u00bb<\/p>\n<p style=\"text-align: justify;\"><strong>CNews <\/strong>\u00a0: \u00ab\u00a0C\u2019est gravissime ce que vous \u00eates en train de dire.\u00a0\u00bb<\/p>\n<\/blockquote>\n<p>&nbsp;<\/p>\n<p style=\"text-align: center;\"><iframe loading=\"lazy\" src=\"https:\/\/www.youtube.com\/embed\/waICZiNYhq4\" width=\"640\" height=\"360\" frameborder=\"0\" allowfullscreen=\"allowfullscreen\"><\/iframe><\/p>\n<p style=\"text-align: justify;\"><a href=\"https:\/\/www.egaliteetreconciliation.fr\/Masques-2e-vague-le-Pr-Toussaint-demolit-les-mensonges-du-Conseil-scientifique-60566.html\" target=\"_blank\" rel=\"noopener noreferrer\">Continuer la lecture sur \u00c9galit\u00e9 &amp; R\u00e9conciliation \u2192<\/a><\/p>\n<p> (et comprendre un peu mieux d&#8217;o\u00f9 vient cette apparente libert\u00e9 de parole, en r\u00e9alit\u00e9 tr\u00e8s encadr\u00e9e)<\/p>\n","protected":false},"excerpt":{"rendered":"<p>[Note de l&#8217;administrateur de ce blog : la p\u00e9dagogie est l&#8217;art de la r\u00e9p\u00e9tition ; j&#8217;encourage donc chacun \u00e0 r\u00e9p\u00e9ter ces propos du Pr. Jean-Fran\u00e7ois Toussaint \u00e0 son entourage jusqu&#8217;\u00e0 ce que \u00e7a rentre : il n&#8217;y a pas, il n&#8217;y a jamais eu jusqu&#8217;\u00e0 pr\u00e9sent de deuxi\u00e8me vague, et une personne test\u00e9e positive au [&hellip;]<\/p>\n","protected":false},"author":1,"featured_media":0,"comment_status":"open","ping_status":"open","sticky":false,"template":"","format":"standard","meta":[],"categories":[4],"tags":[1521,1542,1828,48,1827,1829,12,1552,481],"_links":{"self":[{"href":"https:\/\/aitia.fr\/erd\/wp-json\/wp\/v2\/posts\/15597"}],"collection":[{"href":"https:\/\/aitia.fr\/erd\/wp-json\/wp\/v2\/posts"}],"about":[{"href":"https:\/\/aitia.fr\/erd\/wp-json\/wp\/v2\/types\/post"}],"author":[{"embeddable":true,"href":"https:\/\/aitia.fr\/erd\/wp-json\/wp\/v2\/users\/1"}],"replies":[{"embeddable":true,"href":"https:\/\/aitia.fr\/erd\/wp-json\/wp\/v2\/comments?post=15597"}],"version-history":[{"count":11,"href":"https:\/\/aitia.fr\/erd\/wp-json\/wp\/v2\/posts\/15597\/revisions"}],"predecessor-version":[{"id":15608,"href":"https:\/\/aitia.fr\/erd\/wp-json\/wp\/v2\/posts\/15597\/revisions\/15608"}],"wp:attachment":[{"href":"https:\/\/aitia.fr\/erd\/wp-json\/wp\/v2\/media?parent=15597"}],"wp:term":[{"taxonomy":"category","embeddable":true,"href":"https:\/\/aitia.fr\/erd\/wp-json\/wp\/v2\/categories?post=15597"},{"taxonomy":"post_tag","embeddable":true,"href":"https:\/\/aitia.fr\/erd\/wp-json\/wp\/v2\/tags?post=15597"}],"curies":[{"name":"wp","href":"https:\/\/api.w.org\/{rel}","templated":true}]}}