{"id":15579,"date":"2020-07-30T07:27:15","date_gmt":"2020-07-30T05:27:15","guid":{"rendered":"https:\/\/aitia.fr\/erd\/?p=15579"},"modified":"2020-07-30T18:23:39","modified_gmt":"2020-07-30T16:23:39","slug":"arrestation-dalain-soral-er","status":"publish","type":"post","link":"https:\/\/aitia.fr\/erd\/arrestation-dalain-soral-er\/","title":{"rendered":"Arrestation d\u2019Alain Soral ! (E&#038;R)"},"content":{"rendered":"<p style=\"text-align: justify;\"><a href=\"https:\/\/bibletraditions.org\/bible\/Mt26,57-68\" target=\"_blank\" rel=\"noopener noreferrer\"><img decoding=\"async\" loading=\"lazy\" class=\"alignleft wp-image-15580\" src=\"https:\/\/aitia.fr\/erd\/wp-content\/uploads\/2020\/07\/Trial_of_Jesus-Matthew_26_57-68-1_Peter_2_23a.jpg\" alt=\"\" width=\"400\" height=\"453\" srcset=\"https:\/\/aitia.fr\/erd\/wp-content\/uploads\/2020\/07\/Trial_of_Jesus-Matthew_26_57-68-1_Peter_2_23a.jpg 783w, https:\/\/aitia.fr\/erd\/wp-content\/uploads\/2020\/07\/Trial_of_Jesus-Matthew_26_57-68-1_Peter_2_23a-265x300.jpg 265w, https:\/\/aitia.fr\/erd\/wp-content\/uploads\/2020\/07\/Trial_of_Jesus-Matthew_26_57-68-1_Peter_2_23a-768x870.jpg 768w, https:\/\/aitia.fr\/erd\/wp-content\/uploads\/2020\/07\/Trial_of_Jesus-Matthew_26_57-68-1_Peter_2_23a-600x680.jpg 600w\" sizes=\"(max-width: 400px) 100vw, 400px\" \/><\/a>[<em>Note de l&#8217;administrateur de ce blog : il suffit de voir qui se r\u00e9jouit de l&#8217;arrestation de ce penseur et p\u00e9dagogue de premier plan pour savoir o\u00f9 se situe la v\u00e9ritable haine rabique. Et le motif de l&#8217;arrestation est un mod\u00e8le d&#8217;inversion accusatoire, si caract\u00e9ristique de notre \u00e9poque de mensonges permanents.<\/em><\/p>\n<p style=\"text-align: justify;\"><em>Pour les derniers lobotomis\u00e9s \u00e0 croire encore la grossi\u00e8re propagande qui tente \u2013 vainement \u2013 de r\u00e9duire \u00e0 n\u00e9ant l&#8217;influence intellectuelle du personnage, je propose en guise de lectures d&#8217;\u00e9t\u00e9 :<\/em><\/p>\n<ul>\n<li style=\"text-align: justify;\"><em><a href=\"https:\/\/aitia.fr\/erd\/comprendre-lempire\/\" target=\"_blank\" rel=\"noopener noreferrer\">Comprendre l&#8217;Empire<\/a> (son \u0153uvre majeure)<\/em><\/li>\n<li style=\"text-align: justify;\"><em><a href=\"https:\/\/aitia.fr\/erd\/vers-la-feminisation\/\" target=\"_blank\" rel=\"noopener noreferrer\">Vers la f\u00e9minisation ?<\/a><\/em><\/li>\n<\/ul>\n<p style=\"text-align: justify;\"><em>et je d\u00e9conseille en revanche <a href=\"https:\/\/aitia.fr\/erd\/comment-ne-pas-lire-dialogues-desaccordes\/\" target=\"_blank\" rel=\"noopener noreferrer\">Dialogues d\u00e9saccord\u00e9s<\/a>, sauf pour ceux qui aiment voir un pseudo-intellectuel \u00e0 court d&#8217;arguments p\u00e9daler dans la semoule.<\/em><\/p>\n<p style=\"text-align: justify;\"><em>Remarque : il est int\u00e9ressant de consulter la liste des personnalit\u00e9s (sans doute inconsciente de leur acte) qui se r\u00e9jouissent de cette arrestation, et qui devront payer cher leur trahison de la France et de ses valeurs \u2013 \u00e0 l&#8217;oppos\u00e9 du supr\u00e9macisme ethnique, du tribalisme et de l&#8217;int\u00e9grisme religieux promus par le lobby sioniste \u2013 une fois la lib\u00e9ration de l&#8217;occupant venue.<\/em>]<\/p>\n<hr \/>\n<div>\n<h3 class=\"spip\" style=\"text-align: center;\">Le pr\u00e9sident d\u2019\u00c9galit\u00e9 &amp; R\u00e9conciliation Alain Soral a \u00e9t\u00e9 arr\u00eat\u00e9<br \/>\n\u00e0 Paris mardi 28 juillet 2020 en fin d\u2019apr\u00e8s-midi.<\/h3>\n<p>&nbsp;<\/p>\n<\/div>\n<p style=\"text-align: justify;\">Aux alentours de 17h, Alain Soral a \u00e9t\u00e9 intercept\u00e9 en pleine rue mardi 28 juillet 2020 par trois individus en civil (deux hommes et une femme).<\/p>\n<p style=\"text-align: justify;\">Son domicile aurait \u00e9t\u00e9 perquisitionn\u00e9.<\/p>\n<p style=\"text-align: justify;\">Nous sommes actuellement sans nouvelles du pr\u00e9sident d\u2019E&amp;R.<\/p>\n<h3 class=\"spip\" style=\"text-align: justify;\">***<\/h3>\n<h3 class=\"spip\" style=\"text-align: justify;\">Mise \u00e0 jour du 29 juillet 2020 \u00e0 21h<\/h3>\n<p style=\"text-align: justify;\">Alain Soral a \u00e9t\u00e9 plac\u00e9 en garde-\u00e0-vue le mardi 28 juillet 2020 en fin d\u2019apr\u00e8s-midi.<\/p>\n<p style=\"text-align: justify;\">Les trois individus qui l\u2019ont arr\u00eat\u00e9 \u00e9taient des policiers.<\/p>\n<p style=\"text-align: justify;\">Sa garde-\u00e0-vue de 24 heures est prolong\u00e9e.<\/p>\n<p style=\"text-align: justify;\">Selon ses avocats, il aurait \u00e9t\u00e9 arr\u00eat\u00e9 dans le cadre d\u2019une enqu\u00eate pr\u00e9liminaire pour un d\u00e9lit de presse\u00a0: \u00ab\u00a0provocation \u00e0 commettre un crime ou d\u00e9lit portant atteinte aux int\u00e9r\u00eats de la nation\u00a0\u00bb (article 24 alin\u00e9a 4 de la loi du 29 juillet 1881). Les infractions en question comprennent par exemple la fourniture de fausses informations, le complot, le mouvement insurrectionnel, la lev\u00e9e de forces arm\u00e9es, <i>etc.<\/i>..<\/p>\n<p><a href=\"https:\/\/www.egaliteetreconciliation.fr\/Arrestation-d-Alain-Soral-60300.html\" target=\"_blank\" rel=\"noopener noreferrer\">Continuer la lecture sur \u00c9galit\u00e9 &amp; R\u00e9conciliation \u2192<\/a><\/p>\n","protected":false},"excerpt":{"rendered":"<p>[Note de l&#8217;administrateur de ce blog : il suffit de voir qui se r\u00e9jouit de l&#8217;arrestation de ce penseur et p\u00e9dagogue de premier plan pour savoir o\u00f9 se situe la v\u00e9ritable haine rabique. Et le motif de l&#8217;arrestation est un mod\u00e8le d&#8217;inversion accusatoire, si caract\u00e9ristique de notre \u00e9poque de mensonges permanents. Pour les derniers lobotomis\u00e9s [&hellip;]<\/p>\n","protected":false},"author":1,"featured_media":0,"comment_status":"open","ping_status":"open","sticky":false,"template":"","format":"standard","meta":[],"categories":[4,134,29],"tags":[49,1824,126,1826,1825,417],"_links":{"self":[{"href":"https:\/\/aitia.fr\/erd\/wp-json\/wp\/v2\/posts\/15579"}],"collection":[{"href":"https:\/\/aitia.fr\/erd\/wp-json\/wp\/v2\/posts"}],"about":[{"href":"https:\/\/aitia.fr\/erd\/wp-json\/wp\/v2\/types\/post"}],"author":[{"embeddable":true,"href":"https:\/\/aitia.fr\/erd\/wp-json\/wp\/v2\/users\/1"}],"replies":[{"embeddable":true,"href":"https:\/\/aitia.fr\/erd\/wp-json\/wp\/v2\/comments?post=15579"}],"version-history":[{"count":9,"href":"https:\/\/aitia.fr\/erd\/wp-json\/wp\/v2\/posts\/15579\/revisions"}],"predecessor-version":[{"id":15591,"href":"https:\/\/aitia.fr\/erd\/wp-json\/wp\/v2\/posts\/15579\/revisions\/15591"}],"wp:attachment":[{"href":"https:\/\/aitia.fr\/erd\/wp-json\/wp\/v2\/media?parent=15579"}],"wp:term":[{"taxonomy":"category","embeddable":true,"href":"https:\/\/aitia.fr\/erd\/wp-json\/wp\/v2\/categories?post=15579"},{"taxonomy":"post_tag","embeddable":true,"href":"https:\/\/aitia.fr\/erd\/wp-json\/wp\/v2\/tags?post=15579"}],"curies":[{"name":"wp","href":"https:\/\/api.w.org\/{rel}","templated":true}]}}