{"id":15568,"date":"2020-07-28T21:39:27","date_gmt":"2020-07-28T19:39:27","guid":{"rendered":"https:\/\/aitia.fr\/erd\/?p=15568"},"modified":"2020-07-28T21:39:27","modified_gmt":"2020-07-28T19:39:27","slug":"un-livre-qui-contribue-a-porter-un-jugement-favorable-a-lideologie-nazie-les-motivations-du-tribunal-de-bobigny-pour-interdire-combat-pour-berlin-er","status":"publish","type":"post","link":"https:\/\/aitia.fr\/erd\/un-livre-qui-contribue-a-porter-un-jugement-favorable-a-lideologie-nazie-les-motivations-du-tribunal-de-bobigny-pour-interdire-combat-pour-berlin-er\/","title":{"rendered":"&#8220;Un livre qui contribue \u00e0 porter un jugement favorable \u00e0 l\u2019id\u00e9ologie nazie&#8221; : les motivations du tribunal de Bobigny pour interdire Combat pour Berlin (E&#038;R)"},"content":{"rendered":"<p style=\"text-align: justify;\"><a href=\"https:\/\/kontrekulture.com\/produit\/combat-pour-berlin-edition-speciale\/\" target=\"_blank\" rel=\"noopener noreferrer\"><img decoding=\"async\" loading=\"lazy\" class=\"alignleft wp-image-15569 size-full\" src=\"https:\/\/aitia.fr\/erd\/wp-content\/uploads\/2020\/07\/cpberlin.png\" alt=\"\" width=\"400\" height=\"400\" srcset=\"https:\/\/aitia.fr\/erd\/wp-content\/uploads\/2020\/07\/cpberlin.png 400w, https:\/\/aitia.fr\/erd\/wp-content\/uploads\/2020\/07\/cpberlin-300x300.png 300w, https:\/\/aitia.fr\/erd\/wp-content\/uploads\/2020\/07\/cpberlin-150x150.png 150w\" sizes=\"(max-width: 400px) 100vw, 400px\" \/><\/a>[<em>Note de l&#8217;administrateur de ce blog : s&#8217;il est assez connu que la &#8220;justice fran\u00e7aise&#8221; n&#8217;est ni tr\u00e8s juste ni tr\u00e8s fran\u00e7aise, mais sous l&#8217;influence de lobbies \u00e9trangers, il est sans doute moins su qu&#8217;elle poss\u00e8de de vrais talents comiques. Ainsi, elle entend interdire la publication du Combat pour Berlin de Joseph Goebbels par les \u00e9ditions Kontre Kulture (alors qu&#8217;il a d\u00e9j\u00e0 \u00e9t\u00e9 maintes fois \u00e9dit\u00e9) au motif que l&#8217;ouvrage pr\u00e9senterait l&#8217;id\u00e9ologie nazie sous un jour tr\u00e8s favorable. Heureusement que le tribunal de Bobigny est l\u00e0 pour nous faire de telles r\u00e9v\u00e9lations historiques.<\/em>]<\/p>\n<hr \/>\n<p style=\"text-align: justify;\">Le vendredi 3 juillet 2020, la LICRA a obtenu du juge des r\u00e9f\u00e9r\u00e9s de Bobigny l\u2019interdiction de l\u2019ouvrage <i>Combat pour Berlin<\/i> de Joseph Goebbels \u00e9dit\u00e9 par Kontre Kulture en 2018. Pour l\u2019information du plus grand nombre, nous mettons \u00e0 disposition du public l\u2019ordonnance de r\u00e9f\u00e9r\u00e9 prononc\u00e9e par le tribunal judiciaire de Bobigny \u00e0 propos de cette affaire. Une ordonnance qui sugg\u00e8re que tout texte historique \u00e9manant du Troisi\u00e8me Reich est d\u00e9sormais menac\u00e9 d\u2019interdiction en France&#8230;<\/p>\n<p><a href=\"https:\/\/www.egaliteetreconciliation.fr\/Un-livre-qui-contribue-a-porter-un-jugement-favorable-a-l-ideologie-nazie-les-motivations-du-60271.html\" target=\"_blank\" rel=\"noopener noreferrer\">Continuer la lecture sur \u00c9galit\u00e9 &amp; R\u00e9conciliation \u2192<\/a><\/p>\n","protected":false},"excerpt":{"rendered":"<p>[Note de l&#8217;administrateur de ce blog : s&#8217;il est assez connu que la &#8220;justice fran\u00e7aise&#8221; n&#8217;est ni tr\u00e8s juste ni tr\u00e8s fran\u00e7aise, mais sous l&#8217;influence de lobbies \u00e9trangers, il est sans doute moins su qu&#8217;elle poss\u00e8de de vrais talents comiques. Ainsi, elle entend interdire la publication du Combat pour Berlin de Joseph Goebbels par les [&hellip;]<\/p>\n","protected":false},"author":1,"featured_media":0,"comment_status":"open","ping_status":"open","sticky":false,"template":"","format":"standard","meta":[],"categories":[4,5,9],"tags":[127,1821,1822,1823,226,372],"_links":{"self":[{"href":"https:\/\/aitia.fr\/erd\/wp-json\/wp\/v2\/posts\/15568"}],"collection":[{"href":"https:\/\/aitia.fr\/erd\/wp-json\/wp\/v2\/posts"}],"about":[{"href":"https:\/\/aitia.fr\/erd\/wp-json\/wp\/v2\/types\/post"}],"author":[{"embeddable":true,"href":"https:\/\/aitia.fr\/erd\/wp-json\/wp\/v2\/users\/1"}],"replies":[{"embeddable":true,"href":"https:\/\/aitia.fr\/erd\/wp-json\/wp\/v2\/comments?post=15568"}],"version-history":[{"count":6,"href":"https:\/\/aitia.fr\/erd\/wp-json\/wp\/v2\/posts\/15568\/revisions"}],"predecessor-version":[{"id":15575,"href":"https:\/\/aitia.fr\/erd\/wp-json\/wp\/v2\/posts\/15568\/revisions\/15575"}],"wp:attachment":[{"href":"https:\/\/aitia.fr\/erd\/wp-json\/wp\/v2\/media?parent=15568"}],"wp:term":[{"taxonomy":"category","embeddable":true,"href":"https:\/\/aitia.fr\/erd\/wp-json\/wp\/v2\/categories?post=15568"},{"taxonomy":"post_tag","embeddable":true,"href":"https:\/\/aitia.fr\/erd\/wp-json\/wp\/v2\/tags?post=15568"}],"curies":[{"name":"wp","href":"https:\/\/api.w.org\/{rel}","templated":true}]}}